{"id":2398,"date":"2020-05-19T12:00:00","date_gmt":"2020-05-19T12:00:00","guid":{"rendered":"https:\/\/visaoplus.pt\/en\/?p=2398"},"modified":"2020-05-23T12:31:36","modified_gmt":"2020-05-23T12:31:36","slug":"conselhos-para-proteger-olhos-contra-covid-19","status":"publish","type":"post","link":"https:\/\/visaoplus.pt\/fr\/conselhos-para-proteger-olhos-contra-covid-19\/","title":{"rendered":"Recommandations de l&rsquo;optom\u00e9triste pour une meilleure protection contre Covid-19"},"content":{"rendered":"\n<p class=\"wp-block-paragraph\">Dans cette vid\u00e9o, <strong>Juan El Khoury<\/strong>, le responsable et sp\u00e9cialiste de vis\u00e3o plus, vous donne des recommandations pour mieux vous prot\u00e9ger et \u00e9viter la contamination par Covid19 par les yeux.<\/p>\n\n\n\n<p class=\"wp-block-paragraph\">Il s&rsquo;agit d&rsquo;informations importantes, en particulier pour pour les porteurs de lunettes&nbsp; et de lentilles de contacte.<\/p>\n\n\n\n<p class=\"wp-block-paragraph\">l&rsquo;essentiel est d&rsquo;<strong>\u00e9viter de toucher vos yeux avec vos mains<\/strong>, pour cela:<\/p>\n\n\n\n<ul class=\"wp-block-list\"><li>Venez faire r\u00e9ajuster vos montures afin que vous ne soyez pas oblig\u00e9s de chaquefois y toucher pour y voir plus claire;<\/li><li>Prenez le temps de bien masser vos lentilles au nettoyage, il existe des gouttes tr\u00e9s bien con\u00e7ues pour votre confort;<\/li><li>Les lentilles journali\u00e9res jetables seraient de bonne augure ce faisant vous aurez moins tendance \u00e1 porter vos mains vers vos yeux!<\/li><li>Vous pourriez faire monter des verres neutres, qui feraient un bouclier avec l\u00b4ext\u00e9rieur,&nbsp;un peu comme vos solaires;<\/li><li>\u00c9changez vos lentilles monofocales contre des lentilles progressives (multifocales), si vous n\u2019avez pas de prescription, prenez&nbsp;<a rel=\"noreferrer noopener\" href=\"http:\/\/visaoplus.pt\/fr\/#contacto\" target=\"_blank\" class=\"aioseop-link\">rendez-vous avec nous<\/a>. Si vous \u00eates \u00e9quip\u00e9s de monofocaux pour la vision de pr\u00e9s, et donc pratiquement oblig\u00e9s de les enlever, les remettre etcpasser en mode progressif, plus pratique, beaucoup moins de manipulations, moins de possibles contamination.<\/li><\/ul>\n\n\n\n<p class=\"has-text-align-center wp-block-paragraph\"><strong>Assurez-vous de profiter de nos <a href=\"https:\/\/visaoplus.pt\/fr\/promocao-2020\/\" class=\"aioseop-link\">offres sp\u00e9ciales<\/a> jusqu&rsquo;\u00e0 la fin du mois de mai <\/strong>et d\u00e9couvrez comment acheter de <strong>nouvelles lunettes sans trop d&rsquo;effort<\/strong>.<\/p>\n\n\n\n<p class=\"has-text-align-center wp-block-paragraph\">Prot\u00e9gez-vous et partagez ces informations avec vos amis et votre famille.<\/p>\n\n\n\n<figure class=\"wp-block-embed-youtube wp-block-embed is-type-video is-provider-youtube wp-embed-aspect-16-9 wp-has-aspect-ratio\"><div class=\"wp-block-embed__wrapper\">\n<iframe loading=\"lazy\" title=\"Recommandations des optom\u00e9tristes pour une meilleure protection contre Covid-19\" width=\"500\" height=\"281\" src=\"https:\/\/www.youtube.com\/embed\/Q5Y5CQ1H5RU?feature=oembed\" frameborder=\"0\" allow=\"accelerometer; autoplay; clipboard-write; encrypted-media; gyroscope; picture-in-picture; web-share\" referrerpolicy=\"strict-origin-when-cross-origin\" allowfullscreen><\/iframe>\n<\/div><\/figure>\n\n\n\n<p class=\"wp-block-paragraph\">Vous pouvez nous rendre visite du lundi au vendredi de 9h30 \u00e0 13h00 et l&rsquo;apr\u00e8s-midi de 15h00 \u00e0 19h00 ou le samedi matin de 10h00 \u00e0 13h00.<br>Pour r\u00e9server un rendez-vous ou pour toute information compl\u00e9mentaire,<a href=\"http:\/\/visaoplus.pt\/fr\/#contacto\" class=\"aioseop-link\"> contactez-nous<\/a> ou appelez-nous au 289 301 786 ou au 917 822 568.<\/p>\n\n\n\t\t\t<div \n\t\t\tclass=\"wp-block-uagb-google-map uagb-google-map__wrap uagb-block-f6719b0b-6589-48ac-8b88-48ead1648671     \"\n\t\t\tstyle=\"\" >\n\t\t\t\t<embed\n\t\t\t\t\tclass=\"uagb-google-map__iframe\"\n\t\t\t\t\ttitle=\"Carte Google pour \"\n\t\t\t\t\tsrc=\"https:\/\/maps.google.com\/maps?q=visao%20plus&#038;z=13&#038;hl=en&#038;t=m&#038;output=embed&#038;iwloc=near\"\n\t\t\t\t\twidth=\"640\"\n\t\t\t\t\theight=\"300\"\n\t\t\t\t\tloading=\"lazy\"\n\t\t\t\t><\/embed>\n\t\t\t<\/div>\n\t\t\t\n\n\n<div style=\"height:71px\" aria-hidden=\"true\" class=\"wp-block-spacer\"><\/div>\n\n\n\n<h4 class=\"has-text-align-center wp-block-heading\">Partagez cet article<\/h4>\n\n\n\n<div class=\"wp-block-uagb-social-share uagb-social-share__outer-wrap uagb-social-share__layout-horizontal uagb-block-3248b96c-8b10-4ae4-9c68-910d01deacde\"><div class=\"uagb-social-share__wrap\">\n<div class=\"wp-block-uagb-social-share-child uagb-ss-repeater uagb-ss__wrapper uagb-block-dbc43b88-a835-44f2-92fd-ba860b9c1271\"><a class=\"uagb-ss__link\" data-href=\"https:\/\/www.facebook.com\/sharer.php?u=\" rel=\"noopener noreferrer\"><span class=\"uagb-ss__source-wrap\"><span class=\"uagb-ss__source-icon\"><svg xmlns=\"http:\/\/www.w3.org\/2000\/svg\" viewbox=\"0 0 448 512\"><path d=\"M448 56.7v398.5c0 13.7-11.1 24.7-24.7 24.7H309.1V306.5h58.2l8.7-67.6h-67v-43.2c0-19.6 5.4-32.9 33.5-32.9h35.8v-60.5c-6.2-.8-27.4-2.7-52.2-2.7-51.6 0-87 31.5-87 89.4v49.9h-58.4v67.6h58.4V480H24.7C11.1 480 0 468.9 0 455.3V56.7C0 43.1 11.1 32 24.7 32h398.5c13.7 0 24.8 11.1 24.8 24.7z\"><\/path><\/svg><\/span><\/span><\/a><\/div>\n\n\n\n<div class=\"wp-block-uagb-social-share-child uagb-ss-repeater uagb-ss__wrapper uagb-block-b2923072-9f65-47c5-b61c-7bc0bf057729\"><a class=\"uagb-ss__link\" data-href=\"https:\/\/twitter.com\/share?url=\" rel=\"noopener noreferrer\"><span class=\"uagb-ss__source-wrap\"><span class=\"uagb-ss__source-icon\"><svg xmlns=\"http:\/\/www.w3.org\/2000\/svg\" viewbox=\"0 0 448 512\"><path d=\"M400 32H48C21.5 32 0 53.5 0 80v352c0 26.5 21.5 48 48 48h352c26.5 0 48-21.5 48-48V80c0-26.5-21.5-48-48-48zm-48.9 158.8c.2 2.8.2 5.7.2 8.5 0 86.7-66 186.6-186.6 186.6-37.2 0-71.7-10.8-100.7-29.4 5.3.6 10.4.8 15.8.8 30.7 0 58.9-10.4 81.4-28-28.8-.6-53-19.5-61.3-45.5 10.1 1.5 19.2 1.5 29.6-1.2-30-6.1-52.5-32.5-52.5-64.4v-.8c8.7 4.9 18.9 7.9 29.6 8.3a65.447 65.447 0 0 1-29.2-54.6c0-12.2 3.2-23.4 8.9-33.1 32.3 39.8 80.8 65.8 135.2 68.6-9.3-44.5 24-80.6 64-80.6 18.9 0 35.9 7.9 47.9 20.7 14.8-2.8 29-8.3 41.6-15.8-4.9 15.2-15.2 28-28.8 36.1 13.2-1.4 26-5.1 37.8-10.2-8.9 13.1-20.1 24.7-32.9 34z\"><\/path><\/svg><\/span><\/span><\/a><\/div>\n\n\n\n<div class=\"wp-block-uagb-social-share-child uagb-ss-repeater uagb-ss__wrapper uagb-block-54765950-29b4-42a1-af15-610e0b45883e\"><a class=\"uagb-ss__link\" data-href=\"https:\/\/www.linkedin.com\/shareArticle?url=\" rel=\"noopener noreferrer\"><span class=\"uagb-ss__source-wrap\"><span class=\"uagb-ss__source-icon\"><svg xmlns=\"http:\/\/www.w3.org\/2000\/svg\" viewbox=\"0 0 448 512\"><path d=\"M416 32H31.9C14.3 32 0 46.5 0 64.3v383.4C0 465.5 14.3 480 31.9 480H416c17.6 0 32-14.5 32-32.3V64.3c0-17.8-14.4-32.3-32-32.3zM135.4 416H69V202.2h66.5V416zm-33.2-243c-21.3 0-38.5-17.3-38.5-38.5S80.9 96 102.2 96c21.2 0 38.5 17.3 38.5 38.5 0 21.3-17.2 38.5-38.5 38.5zm282.1 243h-66.4V312c0-24.8-.5-56.7-34.5-56.7-34.6 0-39.9 27-39.9 54.9V416h-66.4V202.2h63.7v29.2h.9c8.9-16.8 30.6-34.5 62.9-34.5 67.2 0 79.7 44.3 79.7 101.9V416z\"><\/path><\/svg><\/span><\/span><\/a><\/div>\n\n\n\n<div class=\"wp-block-uagb-social-share-child uagb-ss-repeater uagb-ss__wrapper uagb-block-b55cff43-c56a-4bf8-90b3-2ad59e45d58b\"><a class=\"uagb-ss__link\" data-href=\"mailto:?body=\" rel=\"noopener noreferrer\"><span class=\"uagb-ss__source-wrap\"><span class=\"uagb-ss__source-icon\"><svg xmlns=\"http:\/\/www.w3.org\/2000\/svg\" viewbox=\"0 0 512 512\"><path d=\"M502.3 190.8c3.9-3.1 9.7-.2 9.7 4.7V400c0 26.5-21.5 48-48 48H48c-26.5 0-48-21.5-48-48V195.6c0-5 5.7-7.8 9.7-4.7 22.4 17.4 52.1 39.5 154.1 113.6 21.1 15.4 56.7 47.8 92.2 47.6 35.7.3 72-32.8 92.3-47.6 102-74.1 131.6-96.3 154-113.7zM256 320c23.2.4 56.6-29.2 73.4-41.4 132.7-96.3 142.8-104.7 173.4-128.7 5.8-4.5 9.2-11.5 9.2-18.9v-19c0-26.5-21.5-48-48-48H48C21.5 64 0 85.5 0 112v19c0 7.4 3.4 14.3 9.2 18.9 30.6 23.9 40.7 32.4 173.4 128.7 16.8 12.2 50.2 41.8 73.4 41.4z\"><\/path><\/svg><\/span><\/span><\/a><\/div>\n<\/div><\/div>\n","protected":false},"excerpt":{"rendered":"<p>Dans cette vid\u00e9o, Juan El Khoury, le responsable et sp\u00e9cialiste de vis\u00e3o plus, vous donne des recommandations pour mieux vous prot\u00e9ger et \u00e9viter la contamination par Covid19 par les yeux. Il s&rsquo;agit d&rsquo;informations importantes, en particulier pour pour les porteurs de lunettes&nbsp; et de lentilles de contacte. l&rsquo;essentiel est d&rsquo;\u00e9viter de toucher vos yeux avec [&hellip;]<\/p>\n","protected":false},"author":1,"featured_media":2399,"comment_status":"open","ping_status":"open","sticky":false,"template":"","format":"video","meta":{"om_disable_all_campaigns":false,"_uag_custom_page_level_css":"","_monsterinsights_skip_tracking":false,"site-sidebar-layout":"default","site-content-layout":"default","ast-site-content-layout":"default","site-content-style":"default","site-sidebar-style":"default","ast-global-header-display":"","ast-banner-title-visibility":"","ast-main-header-display":"","ast-hfb-above-header-display":"","ast-hfb-below-header-display":"","ast-hfb-mobile-header-display":"","site-post-title":"","ast-breadcrumbs-content":"","ast-featured-img":"","footer-sml-layout":"","ast-disable-related-posts":"","theme-transparent-header-meta":"default","adv-header-id-meta":"","stick-header-meta":"","header-above-stick-meta":"","header-main-stick-meta":"","header-below-stick-meta":"","astra-migrate-meta-layouts":"default","ast-page-background-enabled":"default","ast-page-background-meta":{"desktop":{"background-color":"","background-image":"","background-repeat":"repeat","background-position":"center center","background-size":"auto","background-attachment":"scroll","background-type":"","background-media":"","overlay-type":"","overlay-color":"","overlay-opacity":"","overlay-gradient":""},"tablet":{"background-color":"","background-image":"","background-repeat":"repeat","background-position":"center center","background-size":"auto","background-attachment":"scroll","background-type":"","background-media":"","overlay-type":"","overlay-color":"","overlay-opacity":"","overlay-gradient":""},"mobile":{"background-color":"","background-image":"","background-repeat":"repeat","background-position":"center center","background-size":"auto","background-attachment":"scroll","background-type":"","background-media":"","overlay-type":"","overlay-color":"","overlay-opacity":"","overlay-gradient":""}},"ast-content-background-meta":{"desktop":{"background-color":"var(--ast-global-color-5)","background-image":"","background-repeat":"repeat","background-position":"center center","background-size":"auto","background-attachment":"scroll","background-type":"","background-media":"","overlay-type":"","overlay-color":"","overlay-opacity":"","overlay-gradient":""},"tablet":{"background-color":"var(--ast-global-color-5)","background-image":"","background-repeat":"repeat","background-position":"center center","background-size":"auto","background-attachment":"scroll","background-type":"","background-media":"","overlay-type":"","overlay-color":"","overlay-opacity":"","overlay-gradient":""},"mobile":{"background-color":"var(--ast-global-color-5)","background-image":"","background-repeat":"repeat","background-position":"center center","background-size":"auto","background-attachment":"scroll","background-type":"","background-media":"","overlay-type":"","overlay-color":"","overlay-opacity":"","overlay-gradient":""}},"footnotes":""},"categories":[70,66],"tags":[],"class_list":["post-2398","post","type-post","status-publish","format-video","has-post-thumbnail","hentry","category-covid-19","category-info","post_format-post-format-video"],"aioseo_notices":[],"aioseo_head":"\n\t\t<!-- All in One SEO 5.0.0.1 - aioseo.com -->\n\t<meta name=\"description\" content=\"L&#039;optom\u00e9triste de Vis\u00e3o Plus vous donne les recommandations pour vous prot\u00e9ger contre Covid-19 et \u00e9viter la contamination par les yeux [vid\u00e9o en fran\u00e7ais]\" \/>\n\t<meta name=\"robots\" content=\"max-image-preview:large\" \/>\n\t<meta name=\"author\" content=\"visao\"\/>\n\t<meta name=\"google-site-verification\" content=\"-lvCzmFkEsAftBV73N08iHmuEfJDpX4KhSut9dgHUOY\" \/>\n\t<meta name=\"keywords\" content=\"prot\u00e9ger les yeux de covid-19,lunettes et covid -19,lentilles de contact et covid-19\" \/>\n\t<link rel=\"canonical\" href=\"https:\/\/visaoplus.pt\/conselhos-para-proteger-olhos-contra-covid-19\" \/>\n\t<meta name=\"generator\" content=\"All in One SEO (AIOSEO) 5.0.0.1\" \/>\n\t\t<meta property=\"og:locale\" content=\"fr_FR\" \/>\n\t\t<meta property=\"og:site_name\" content=\"Servi\u00e7os de Optometria e Contactologia | Vis\u00e3o Plus\" \/>\n\t\t<meta property=\"og:type\" content=\"article\" \/>\n\t\t<meta property=\"og:title\" content=\"Recommandations pour protection contre Covid19\" \/>\n\t\t<meta property=\"og:description\" content=\"L&#039;optom\u00e9triste de Vis\u00e3o Plus vous donne les recommandations pour vous prot\u00e9ger contre Covid-19 et \u00e9viter la contamination par les yeux [vid\u00e9o en fran\u00e7ais]\" \/>\n\t\t<meta property=\"og:url\" content=\"https:\/\/visaoplus.pt\/conselhos-para-proteger-olhos-contra-covid-19\" \/>\n\t\t<meta property=\"fb:admins\" content=\"1649461626\" \/>\n\t\t<meta property=\"og:image\" content=\"https:\/\/visaoplus.pt\/wp-content\/uploads\/2020\/04\/visaoplus-og.png\" \/>\n\t\t<meta property=\"og:image:secure_url\" content=\"https:\/\/visaoplus.pt\/wp-content\/uploads\/2020\/04\/visaoplus-og.png\" \/>\n\t\t<meta property=\"og:image:width\" content=\"1200\" \/>\n\t\t<meta property=\"og:image:height\" content=\"630\" \/>\n\t\t<meta property=\"article:published_time\" content=\"2020-05-19T12:00:00+00:00\" \/>\n\t\t<meta property=\"article:modified_time\" content=\"2020-05-23T12:31:36+00:00\" \/>\n\t\t<meta property=\"article:publisher\" content=\"https:\/\/www.facebook.com\/visao.plus\/\" \/>\n\t\t<meta name=\"twitter:card\" content=\"summary\" \/>\n\t\t<meta name=\"twitter:title\" content=\"Recommandations pour protection contre Covid19\" \/>\n\t\t<meta name=\"twitter:description\" content=\"L&#039;optom\u00e9triste de Vis\u00e3o Plus vous donne les recommandations pour vous prot\u00e9ger contre Covid-19 et \u00e9viter la contamination par les yeux [vid\u00e9o en fran\u00e7ais]\" \/>\n\t\t<meta name=\"twitter:image\" content=\"https:\/\/visaoplus.pt\/wp-content\/uploads\/2020\/04\/visaoplus-og.png\" \/>\n\t\t<script type=\"application\/ld+json\" class=\"aioseo-schema\">\n\t\t\t{\"@context\":\"https:\\\/\\\/schema.org\",\"@graph\":[{\"@type\":\"Article\",\"@id\":\"https:\\\/\\\/visaoplus.pt\\\/fr\\\/conselhos-para-proteger-olhos-contra-covid-19\\\/#article\",\"name\":\"Recommandations pour protection contre Covid19\",\"headline\":\"Recommandations de l&rsquo;optom\\u00e9triste pour une meilleure protection contre Covid-19\",\"author\":{\"@id\":\"https:\\\/\\\/visaoplus.pt\\\/fr\\\/author\\\/visao\\\/#author\"},\"publisher\":{\"@id\":\"https:\\\/\\\/visaoplus.pt\\\/fr\\\/#organization\"},\"image\":{\"@type\":\"ImageObject\",\"url\":\"https:\\\/\\\/visaoplus.pt\\\/wp-content\\\/uploads\\\/2020\\\/05\\\/recomendations.jpg\",\"width\":1080,\"height\":791,\"caption\":\"[:en]Women wearing glasses and maskes as protection against covid19[:]\"},\"datePublished\":\"2020-05-19T12:00:00+00:00\",\"dateModified\":\"2020-05-23T12:31:36+00:00\",\"inLanguage\":\"fr-FR\",\"mainEntityOfPage\":{\"@id\":\"https:\\\/\\\/visaoplus.pt\\\/fr\\\/conselhos-para-proteger-olhos-contra-covid-19\\\/#webpage\"},\"isPartOf\":{\"@id\":\"https:\\\/\\\/visaoplus.pt\\\/fr\\\/conselhos-para-proteger-olhos-contra-covid-19\\\/#webpage\"},\"articleSection\":\"Covid-19, info, Vid\\u00e9o\"},{\"@type\":\"BreadcrumbList\",\"@id\":\"https:\\\/\\\/visaoplus.pt\\\/fr\\\/conselhos-para-proteger-olhos-contra-covid-19\\\/#breadcrumblist\",\"itemListElement\":[{\"@type\":\"ListItem\",\"@id\":\"https:\\\/\\\/visaoplus.pt\\\/fr#listItem\",\"position\":1,\"name\":\"In\\u00edcio\",\"item\":\"https:\\\/\\\/visaoplus.pt\\\/fr\",\"nextItem\":{\"@type\":\"ListItem\",\"@id\":\"https:\\\/\\\/visaoplus.pt\\\/fr\\\/category\\\/info\\\/#listItem\",\"name\":\"info\"}},{\"@type\":\"ListItem\",\"@id\":\"https:\\\/\\\/visaoplus.pt\\\/fr\\\/category\\\/info\\\/#listItem\",\"position\":2,\"name\":\"info\",\"item\":\"https:\\\/\\\/visaoplus.pt\\\/fr\\\/category\\\/info\\\/\",\"nextItem\":{\"@type\":\"ListItem\",\"@id\":\"https:\\\/\\\/visaoplus.pt\\\/fr\\\/conselhos-para-proteger-olhos-contra-covid-19\\\/#listItem\",\"name\":\"Recommandations de l&rsquo;optom\\u00e9triste pour une meilleure protection contre Covid-19\"},\"previousItem\":{\"@type\":\"ListItem\",\"@id\":\"https:\\\/\\\/visaoplus.pt\\\/fr#listItem\",\"name\":\"In\\u00edcio\"}},{\"@type\":\"ListItem\",\"@id\":\"https:\\\/\\\/visaoplus.pt\\\/fr\\\/conselhos-para-proteger-olhos-contra-covid-19\\\/#listItem\",\"position\":3,\"name\":\"Recommandations de l&rsquo;optom\\u00e9triste pour une meilleure protection contre Covid-19\",\"previousItem\":{\"@type\":\"ListItem\",\"@id\":\"https:\\\/\\\/visaoplus.pt\\\/fr\\\/category\\\/info\\\/#listItem\",\"name\":\"info\"}}]},{\"@type\":\"Organization\",\"@id\":\"https:\\\/\\\/visaoplus.pt\\\/fr\\\/#organization\",\"name\":\"Vis\\u00e3o Plus | \\u00d3ptica e Optometrista em Quarteira\",\"description\":\"Uma Marca de Confian\\u00e7a\",\"url\":\"https:\\\/\\\/visaoplus.pt\\\/fr\\\/\",\"email\":\"visaoplus@mail.telepac.pt\",\"telephone\":\"+351289301786\",\"logo\":{\"@type\":\"ImageObject\",\"url\":\"https:\\\/\\\/visaoplus.pt\\\/wp-content\\\/uploads\\\/2020\\\/03\\\/profilepic-transparent-1.png\",\"@id\":\"https:\\\/\\\/visaoplus.pt\\\/fr\\\/conselhos-para-proteger-olhos-contra-covid-19\\\/#organizationLogo\",\"width\":450,\"height\":388},\"image\":{\"@id\":\"https:\\\/\\\/visaoplus.pt\\\/fr\\\/conselhos-para-proteger-olhos-contra-covid-19\\\/#organizationLogo\"},\"sameAs\":[\"https:\\\/\\\/www.instagram.com\\\/visao.plus\\\/\",\"https:\\\/\\\/www.youtube.com\\\/channel\\\/UCdkkXPYdaZhEGmYc_sEjjnw\",\"https:\\\/\\\/www.linkedin.com\\\/company\\\/visao-plus\\\/\"]},{\"@type\":\"Person\",\"@id\":\"https:\\\/\\\/visaoplus.pt\\\/fr\\\/author\\\/visao\\\/#author\",\"url\":\"https:\\\/\\\/visaoplus.pt\\\/fr\\\/author\\\/visao\\\/\",\"name\":\"visao\",\"image\":{\"@type\":\"ImageObject\",\"@id\":\"https:\\\/\\\/visaoplus.pt\\\/fr\\\/conselhos-para-proteger-olhos-contra-covid-19\\\/#authorImage\",\"url\":\"https:\\\/\\\/secure.gravatar.com\\\/avatar\\\/df9eadd9a532ea31dd21e4019db668516543016aac76a8fd4018fb2caac5cd38?s=96&d=mm&r=g\",\"width\":96,\"height\":96,\"caption\":\"visao\"}},{\"@type\":\"WebPage\",\"@id\":\"https:\\\/\\\/visaoplus.pt\\\/fr\\\/conselhos-para-proteger-olhos-contra-covid-19\\\/#webpage\",\"url\":\"https:\\\/\\\/visaoplus.pt\\\/fr\\\/conselhos-para-proteger-olhos-contra-covid-19\\\/\",\"name\":\"Recommandations pour protection contre Covid19\",\"description\":\"L'optom\\u00e9triste de Vis\\u00e3o Plus vous donne les recommandations pour vous prot\\u00e9ger contre Covid-19 et \\u00e9viter la contamination par les yeux [vid\\u00e9o en fran\\u00e7ais]\",\"inLanguage\":\"fr-FR\",\"isPartOf\":{\"@id\":\"https:\\\/\\\/visaoplus.pt\\\/fr\\\/#website\"},\"breadcrumb\":{\"@id\":\"https:\\\/\\\/visaoplus.pt\\\/fr\\\/conselhos-para-proteger-olhos-contra-covid-19\\\/#breadcrumblist\"},\"author\":{\"@id\":\"https:\\\/\\\/visaoplus.pt\\\/fr\\\/author\\\/visao\\\/#author\"},\"creator\":{\"@id\":\"https:\\\/\\\/visaoplus.pt\\\/fr\\\/author\\\/visao\\\/#author\"},\"image\":{\"@type\":\"ImageObject\",\"url\":\"https:\\\/\\\/visaoplus.pt\\\/wp-content\\\/uploads\\\/2020\\\/05\\\/recomendations.jpg\",\"@id\":\"https:\\\/\\\/visaoplus.pt\\\/fr\\\/conselhos-para-proteger-olhos-contra-covid-19\\\/#mainImage\",\"width\":1080,\"height\":791,\"caption\":\"[:en]Women wearing glasses and maskes as protection against covid19[:]\"},\"primaryImageOfPage\":{\"@id\":\"https:\\\/\\\/visaoplus.pt\\\/fr\\\/conselhos-para-proteger-olhos-contra-covid-19\\\/#mainImage\"},\"datePublished\":\"2020-05-19T12:00:00+00:00\",\"dateModified\":\"2020-05-23T12:31:36+00:00\"},{\"@type\":\"WebSite\",\"@id\":\"https:\\\/\\\/visaoplus.pt\\\/fr\\\/#website\",\"url\":\"https:\\\/\\\/visaoplus.pt\\\/fr\\\/\",\"name\":\"Vis\\u00e3o Plus - Quarteira\",\"alternateName\":\"Vis\\u00e3o Plus\",\"description\":\"Uma Marca de Confian\\u00e7a\",\"inLanguage\":\"fr-FR\",\"publisher\":{\"@id\":\"https:\\\/\\\/visaoplus.pt\\\/fr\\\/#organization\"}}]}\n\t\t<\/script>\n\t\t<!-- All in One SEO -->\n\n","aioseo_head_json":{"title":"Recommandations pour protection contre Covid19","description":"L'optom\u00e9triste de Vis\u00e3o Plus vous donne les recommandations pour vous prot\u00e9ger contre Covid-19 et \u00e9viter la contamination par les yeux [vid\u00e9o en fran\u00e7ais]","canonical_url":"https:\/\/visaoplus.pt\/conselhos-para-proteger-olhos-contra-covid-19","robots":"max-image-preview:large","keywords":"prot\u00e9ger les yeux de covid-19,lunettes et covid -19,lentilles de contact et covid-19","webmasterTools":{"google-site-verification":"-lvCzmFkEsAftBV73N08iHmuEfJDpX4KhSut9dgHUOY","miscellaneous":""},"schema":{"@context":"https:\/\/schema.org","@graph":[{"@type":"Article","@id":"https:\/\/visaoplus.pt\/fr\/conselhos-para-proteger-olhos-contra-covid-19\/#article","name":"Recommandations pour protection contre Covid19","headline":"Recommandations de l&rsquo;optom\u00e9triste pour une meilleure protection contre Covid-19","author":{"@id":"https:\/\/visaoplus.pt\/fr\/author\/visao\/#author"},"publisher":{"@id":"https:\/\/visaoplus.pt\/fr\/#organization"},"image":{"@type":"ImageObject","url":"https:\/\/visaoplus.pt\/wp-content\/uploads\/2020\/05\/recomendations.jpg","width":1080,"height":791,"caption":"[:en]Women wearing glasses and maskes as protection against covid19[:]"},"datePublished":"2020-05-19T12:00:00+00:00","dateModified":"2020-05-23T12:31:36+00:00","inLanguage":"fr-FR","mainEntityOfPage":{"@id":"https:\/\/visaoplus.pt\/fr\/conselhos-para-proteger-olhos-contra-covid-19\/#webpage"},"isPartOf":{"@id":"https:\/\/visaoplus.pt\/fr\/conselhos-para-proteger-olhos-contra-covid-19\/#webpage"},"articleSection":"Covid-19, info, Vid\u00e9o"},{"@type":"BreadcrumbList","@id":"https:\/\/visaoplus.pt\/fr\/conselhos-para-proteger-olhos-contra-covid-19\/#breadcrumblist","itemListElement":[{"@type":"ListItem","@id":"https:\/\/visaoplus.pt\/fr#listItem","position":1,"name":"In\u00edcio","item":"https:\/\/visaoplus.pt\/fr","nextItem":{"@type":"ListItem","@id":"https:\/\/visaoplus.pt\/fr\/category\/info\/#listItem","name":"info"}},{"@type":"ListItem","@id":"https:\/\/visaoplus.pt\/fr\/category\/info\/#listItem","position":2,"name":"info","item":"https:\/\/visaoplus.pt\/fr\/category\/info\/","nextItem":{"@type":"ListItem","@id":"https:\/\/visaoplus.pt\/fr\/conselhos-para-proteger-olhos-contra-covid-19\/#listItem","name":"Recommandations de l&rsquo;optom\u00e9triste pour une meilleure protection contre Covid-19"},"previousItem":{"@type":"ListItem","@id":"https:\/\/visaoplus.pt\/fr#listItem","name":"In\u00edcio"}},{"@type":"ListItem","@id":"https:\/\/visaoplus.pt\/fr\/conselhos-para-proteger-olhos-contra-covid-19\/#listItem","position":3,"name":"Recommandations de l&rsquo;optom\u00e9triste pour une meilleure protection contre Covid-19","previousItem":{"@type":"ListItem","@id":"https:\/\/visaoplus.pt\/fr\/category\/info\/#listItem","name":"info"}}]},{"@type":"Organization","@id":"https:\/\/visaoplus.pt\/fr\/#organization","name":"Vis\u00e3o Plus | \u00d3ptica e Optometrista em Quarteira","description":"Uma Marca de Confian\u00e7a","url":"https:\/\/visaoplus.pt\/fr\/","email":"visaoplus@mail.telepac.pt","telephone":"+351289301786","logo":{"@type":"ImageObject","url":"https:\/\/visaoplus.pt\/wp-content\/uploads\/2020\/03\/profilepic-transparent-1.png","@id":"https:\/\/visaoplus.pt\/fr\/conselhos-para-proteger-olhos-contra-covid-19\/#organizationLogo","width":450,"height":388},"image":{"@id":"https:\/\/visaoplus.pt\/fr\/conselhos-para-proteger-olhos-contra-covid-19\/#organizationLogo"},"sameAs":["https:\/\/www.instagram.com\/visao.plus\/","https:\/\/www.youtube.com\/channel\/UCdkkXPYdaZhEGmYc_sEjjnw","https:\/\/www.linkedin.com\/company\/visao-plus\/"]},{"@type":"Person","@id":"https:\/\/visaoplus.pt\/fr\/author\/visao\/#author","url":"https:\/\/visaoplus.pt\/fr\/author\/visao\/","name":"visao","image":{"@type":"ImageObject","@id":"https:\/\/visaoplus.pt\/fr\/conselhos-para-proteger-olhos-contra-covid-19\/#authorImage","url":"https:\/\/secure.gravatar.com\/avatar\/df9eadd9a532ea31dd21e4019db668516543016aac76a8fd4018fb2caac5cd38?s=96&d=mm&r=g","width":96,"height":96,"caption":"visao"}},{"@type":"WebPage","@id":"https:\/\/visaoplus.pt\/fr\/conselhos-para-proteger-olhos-contra-covid-19\/#webpage","url":"https:\/\/visaoplus.pt\/fr\/conselhos-para-proteger-olhos-contra-covid-19\/","name":"Recommandations pour protection contre Covid19","description":"L'optom\u00e9triste de Vis\u00e3o Plus vous donne les recommandations pour vous prot\u00e9ger contre Covid-19 et \u00e9viter la contamination par les yeux [vid\u00e9o en fran\u00e7ais]","inLanguage":"fr-FR","isPartOf":{"@id":"https:\/\/visaoplus.pt\/fr\/#website"},"breadcrumb":{"@id":"https:\/\/visaoplus.pt\/fr\/conselhos-para-proteger-olhos-contra-covid-19\/#breadcrumblist"},"author":{"@id":"https:\/\/visaoplus.pt\/fr\/author\/visao\/#author"},"creator":{"@id":"https:\/\/visaoplus.pt\/fr\/author\/visao\/#author"},"image":{"@type":"ImageObject","url":"https:\/\/visaoplus.pt\/wp-content\/uploads\/2020\/05\/recomendations.jpg","@id":"https:\/\/visaoplus.pt\/fr\/conselhos-para-proteger-olhos-contra-covid-19\/#mainImage","width":1080,"height":791,"caption":"[:en]Women wearing glasses and maskes as protection against covid19[:]"},"primaryImageOfPage":{"@id":"https:\/\/visaoplus.pt\/fr\/conselhos-para-proteger-olhos-contra-covid-19\/#mainImage"},"datePublished":"2020-05-19T12:00:00+00:00","dateModified":"2020-05-23T12:31:36+00:00"},{"@type":"WebSite","@id":"https:\/\/visaoplus.pt\/fr\/#website","url":"https:\/\/visaoplus.pt\/fr\/","name":"Vis\u00e3o Plus - Quarteira","alternateName":"Vis\u00e3o Plus","description":"Uma Marca de Confian\u00e7a","inLanguage":"fr-FR","publisher":{"@id":"https:\/\/visaoplus.pt\/fr\/#organization"}}]},"og:locale":"fr_FR","og:site_name":"Servi\u00e7os de Optometria e Contactologia | Vis\u00e3o Plus","og:type":"article","og:title":"Recommandations pour protection contre Covid19","og:description":"L'optom\u00e9triste de Vis\u00e3o Plus vous donne les recommandations pour vous prot\u00e9ger contre Covid-19 et \u00e9viter la contamination par les yeux [vid\u00e9o en fran\u00e7ais]","og:url":"https:\/\/visaoplus.pt\/conselhos-para-proteger-olhos-contra-covid-19","fb:admins":"1649461626","og:image":"https:\/\/visaoplus.pt\/wp-content\/uploads\/2020\/04\/visaoplus-og.png","og:image:secure_url":"https:\/\/visaoplus.pt\/wp-content\/uploads\/2020\/04\/visaoplus-og.png","og:image:width":1200,"og:image:height":630,"article:published_time":"2020-05-19T12:00:00+00:00","article:modified_time":"2020-05-23T12:31:36+00:00","article:publisher":"https:\/\/www.facebook.com\/visao.plus\/","twitter:card":"summary","twitter:title":"Recommandations pour protection contre Covid19","twitter:description":"L'optom\u00e9triste de Vis\u00e3o Plus vous donne les recommandations pour vous prot\u00e9ger contre Covid-19 et \u00e9viter la contamination par les yeux [vid\u00e9o en fran\u00e7ais]","twitter:image":"https:\/\/visaoplus.pt\/wp-content\/uploads\/2020\/04\/visaoplus-og.png"},"aioseo_meta_data":{"post_id":"2398","title":"Recommandations pour protection contre Covid19","description":"L'optom\u00e9triste de Vis\u00e3o Plus vous donne les recommandations pour vous prot\u00e9ger contre Covid-19 et \u00e9viter la contamination par les yeux [vid\u00e9o en fran\u00e7ais]","keywords":[{"label":"[:en]protect eyes from covid-19","value":"[:en]protect eyes from covid-19"},{"label":"glasses and covid-19","value":"glasses and covid-19"},{"label":"contact lenses and covid-19[:pt]recomenda\u00e7\u00f5es de seguran\u00e7a","value":"contact lenses and covid-19[:pt]recomenda\u00e7\u00f5es de seguran\u00e7a"},{"label":"proteger olhos da covid-19","value":"proteger olhos da covid-19"},{"label":"oculos e covid -19","value":"oculos e covid -19"},{"label":"lentes de contacto e covid-19[:fr]prot\u00e9ger les yeux de covid-19","value":"lentes de contacto e covid-19[:fr]prot\u00e9ger les yeux de covid-19"},{"label":"lunettes et Covid -19","value":"lunettes et Covid -19"},{"label":"lentilles de contact et covid-19[:]","value":"lentilles de contact et covid-19[:]"}],"keyphrases":null,"primary_term":null,"canonical_url":"conselhos-para-proteger-olhos-contra-covid-19","og_title":null,"og_description":null,"og_object_type":"default","og_image_type":"default","og_image_url":null,"og_image_width":null,"og_image_height":null,"og_image_custom_url":null,"og_image_custom_fields":null,"og_video":null,"og_custom_url":null,"og_article_section":null,"og_article_tags":null,"twitter_use_og":false,"twitter_card":"default","twitter_image_type":"default","twitter_image_url":null,"twitter_image_custom_url":null,"twitter_image_custom_fields":null,"twitter_title":null,"twitter_description":null,"schema":{"blockGraphs":[],"customGraphs":[],"default":{"data":{"Article":[],"Course":[],"Dataset":[],"FAQPage":[],"Movie":[],"Person":[],"Product":[],"ProductReview":[],"Car":[],"Recipe":[],"Service":[],"SoftwareApplication":[],"WebPage":[]},"graphName":"","isEnabled":true},"graphs":[],"defaultGraph":"","defaultPostTypeGraph":""},"schema_type":null,"schema_type_options":null,"pillar_content":false,"robots_default":true,"robots_noindex":false,"robots_noarchive":false,"robots_nosnippet":false,"robots_nofollow":false,"robots_noimageindex":false,"robots_noodp":false,"robots_notranslate":false,"robots_max_snippet":null,"robots_max_videopreview":null,"robots_max_imagepreview":"large","priority":null,"frequency":null,"local_seo":null,"breadcrumb_settings":null,"limit_modified_date":false,"ai":null,"created":"2020-12-26 17:39:35","updated":"2025-06-08 17:37:01","seo_analyzer_scan_date":null,"focus_keyword":null,"additional_keywords":null,"truseo_locale":null},"uagb_featured_image_src":{"full":["https:\/\/visaoplus.pt\/wp-content\/uploads\/2020\/05\/recomendations.jpg",1080,791,false],"thumbnail":["https:\/\/visaoplus.pt\/wp-content\/uploads\/2020\/05\/recomendations-150x150.jpg",150,150,true],"medium":["https:\/\/visaoplus.pt\/wp-content\/uploads\/2020\/05\/recomendations-300x220.jpg",300,220,true],"medium_large":["https:\/\/visaoplus.pt\/wp-content\/uploads\/2020\/05\/recomendations-768x562.jpg",768,562,true],"large":["https:\/\/visaoplus.pt\/wp-content\/uploads\/2020\/05\/recomendations-1024x750.jpg",1024,750,true],"1536x1536":["https:\/\/visaoplus.pt\/wp-content\/uploads\/2020\/05\/recomendations.jpg",1080,791,false],"2048x2048":["https:\/\/visaoplus.pt\/wp-content\/uploads\/2020\/05\/recomendations.jpg",1080,791,false]},"uagb_author_info":{"display_name":"visao","author_link":"https:\/\/visaoplus.pt\/fr\/author\/visao\/"},"uagb_comment_info":0,"uagb_excerpt":"Dans cette vid\u00e9o, Juan El Khoury, le responsable et sp\u00e9cialiste de vis\u00e3o plus, vous donne des recommandations pour mieux vous prot\u00e9ger et \u00e9viter la contamination par Covid19 par les yeux. Il s&rsquo;agit d&rsquo;informations importantes, en particulier pour pour les porteurs de lunettes&nbsp; et de lentilles de contacte. l&rsquo;essentiel est d&rsquo;\u00e9viter de toucher vos yeux avec\u2026","_links":{"self":[{"href":"https:\/\/visaoplus.pt\/fr\/wp-json\/wp\/v2\/posts\/2398","targetHints":{"allow":["GET"]}}],"collection":[{"href":"https:\/\/visaoplus.pt\/fr\/wp-json\/wp\/v2\/posts"}],"about":[{"href":"https:\/\/visaoplus.pt\/fr\/wp-json\/wp\/v2\/types\/post"}],"author":[{"embeddable":true,"href":"https:\/\/visaoplus.pt\/fr\/wp-json\/wp\/v2\/users\/1"}],"replies":[{"embeddable":true,"href":"https:\/\/visaoplus.pt\/fr\/wp-json\/wp\/v2\/comments?post=2398"}],"version-history":[{"count":0,"href":"https:\/\/visaoplus.pt\/fr\/wp-json\/wp\/v2\/posts\/2398\/revisions"}],"wp:featuredmedia":[{"embeddable":true,"href":"https:\/\/visaoplus.pt\/fr\/wp-json\/wp\/v2\/media\/2399"}],"wp:attachment":[{"href":"https:\/\/visaoplus.pt\/fr\/wp-json\/wp\/v2\/media?parent=2398"}],"wp:term":[{"taxonomy":"category","embeddable":true,"href":"https:\/\/visaoplus.pt\/fr\/wp-json\/wp\/v2\/categories?post=2398"},{"taxonomy":"post_tag","embeddable":true,"href":"https:\/\/visaoplus.pt\/fr\/wp-json\/wp\/v2\/tags?post=2398"}],"curies":[{"name":"wp","href":"https:\/\/api.w.org\/{rel}","templated":true}]}}