{"id":4532,"date":"2025-11-20T13:46:13","date_gmt":"2025-11-20T13:46:13","guid":{"rendered":"https:\/\/visaoplus.pt\/?p=4532"},"modified":"2025-11-20T15:38:40","modified_gmt":"2025-11-20T15:38:40","slug":"as-nossas-especialidades-baixa-visao","status":"publish","type":"post","link":"https:\/\/visaoplus.pt\/en\/as-nossas-especialidades-baixa-visao\/","title":{"rendered":"As Nossas Especialidades &#8211; Baixa Vis\u00e3o"},"content":{"rendered":"\n<p>Sabe o que \u00e9 a Baixa Vis\u00e3o? <strong>Esta \u00e9 uma das especialidades de Optometria na Vis\u00e3o Plus<\/strong>. Veja como os aux\u00edlios visuais podem melhorar a qualidade de vida.<\/p>\n\n\n\n<p><strong>Entende-se por &#8220;baixa vis\u00e3o ou vis\u00e3o sub-normal&#8221; a defici\u00eancia visual em que h\u00e1 perda de mais de 70% da vis\u00e3o <\/strong>ou um campo visual inferior a 15 graus,<strong> n\u00e3o sendo poss\u00edvel ter mais do que 20% da capacidade visual total mesmo ap\u00f3s corre\u00e7\u00e3o \u00f3ptica convencional <\/strong>(atrav\u00e9s da utiliza\u00e7\u00e3o de \u00f3culos\/ lentes otimizadas).<\/p>\n\n\n\n<p>Nesta situa\u00e7\u00e3o, mesmo usando as melhores lentes, a pessoa tem dificuldade de realizar atividades ou tarefas habituais di\u00e1rias como:<\/p>\n\n\n\n<ul class=\"wp-block-list\">\n<li>Reconhecimento de cores;<\/li>\n\n\n\n<li>Reconhecimento de rostos de amigos ou familiares;<\/li>\n\n\n\n<li>Escrever e Ler;<\/li>\n\n\n\n<li>Deslocar-se nas ruas;<\/li>\n\n\n\n<li>Ver televis\u00e3o;<\/li>\n\n\n\n<li>Cozinhar.<\/li>\n<\/ul>\n\n\n\n<p>Esta condi\u00e7\u00e3o pode estar presente desde o nascimento (<strong>Cong\u00e9nita<\/strong>) ou ser <strong>Adquirida <\/strong>mais tarde durante a vida. Qualquer les\u00e3o ou patologia que afete desde a regi\u00e3o da c\u00f3rnea, passando pelas estruturas intra-oculares, at\u00e9 \u00e0 retina, nervo \u00f3tico e sistema nervoso central pode culminar em Baixa Vis\u00e3o.<strong> O diagnostico precoce \u00e9 importante, para perceber o que est\u00e1 a causar a perda visual e se \u00e9 poss\u00edvel reverter ou travar a sua evolu\u00e7\u00e3o.<\/strong><\/p>\n\n\n\n<p><\/p>\n\n\n\n<p>Um individuo com esta condi\u00e7\u00e3o possui o m\u00ednimo de vis\u00e3o que <strong>ainda possibilita realiza\u00e7\u00e3o de certas tarefas, em especial se no dia-a-dia se recorrer a aux\u00edlios visuais<\/strong>: lupas manuais e telesc\u00f3pios \u00f3pticos ou outros dispositivos e recursos eletr\u00f3nicos (ampliadores de imagem e softwares com voz por exemplo). Estas s\u00e3o estrat\u00e9gias que na Vis\u00e3o Plus disponibilizamos e\/ou recomendamos, de forma individualizada &#8211; dependendo do caso &#8211; com intuito de <strong>melhorar a qualidade de vida e proporcionar algum conforto visual, de forma a haver manuten\u00e7\u00e3o da autonomia<\/strong> sempre que poss\u00edvel.<\/p>\n\n\n\n<figure class=\"wp-block-image size-full\"><img loading=\"lazy\" decoding=\"async\" width=\"900\" height=\"675\" src=\"https:\/\/visaoplus.pt\/wp-content\/uploads\/2025\/11\/lupa-tablet-visaoplus-pt-1.jpg\" alt=\"Utilizador de tablet a usar aux\u00edlio da lupa para ver melhor\" class=\"wp-image-4543\" srcset=\"https:\/\/visaoplus.pt\/wp-content\/uploads\/2025\/11\/lupa-tablet-visaoplus-pt-1.jpg 900w, https:\/\/visaoplus.pt\/wp-content\/uploads\/2025\/11\/lupa-tablet-visaoplus-pt-1-300x225.jpg 300w, https:\/\/visaoplus.pt\/wp-content\/uploads\/2025\/11\/lupa-tablet-visaoplus-pt-1-768x576.jpg 768w\" sizes=\"auto, (max-width: 900px) 100vw, 900px\" \/><\/figure>\n\n\n\n<div style=\"height:42px\" aria-hidden=\"true\" class=\"wp-block-spacer\"><\/div>\n\n\n\n<p>Prevenir \u00e9 sempre o ideal, \u00e9 por isso<strong> importante marcar consultas de optometria regulares<\/strong>, mas quando preven\u00e7\u00e3o j\u00e1 n\u00e3o \u00e9 poss\u00edvel, estamos c\u00e1 para ajudar a maximizar a sua capacidade visual, atrav\u00e9s de ajudas \u00f3pticas, exerc\u00edcios ou t\u00e9cnicas de reabilita\u00e7\u00e3o e preven\u00e7\u00e3o.<\/p>\n\n\n\n<p><a href=\"http:\/\/visaoplus.pt\/#contacto\" target=\"_blank\" rel=\"noopener\" title=\"\">Marque j\u00e1 uma consulta<\/a> ou visite-nos na Avenida Francisco S\u00e1 Carneiro, em Quarteira &#8211; Algarve, Portugal.<\/p>\n\n\n\n<p><a href=\"https:\/\/visaoplus.pt\/servicos-especiais\/\" target=\"_blank\" rel=\"noreferrer noopener\"><strong>Conhe\u00e7a os nossos servi\u00e7os especiais<\/strong><\/a> (pedidos com urg\u00eancia, atendimento fora do hor\u00e1rio habitual e conce\u00e7\u00e3o de \u00f3culos \u00e0 medida.<\/p>\n\n\n\n<div class=\"wp-block-uagb-call-to-action uagb-block-dad77486 wp-block-button\"><div class=\"uagb-cta__wrap\"><h3 class=\"uagb-cta__title\">Lentes Progressivas<\/h3><p class=\"uagb-cta__desc\">Conhe\u00e7a outra das nossas especialidades. Saiba as suas vantagens, a quem mais beneficiam e porqu\u00ea.<\/p><\/div><div class=\"uagb-cta__buttons\"><a href=\"https:\/\/visaoplus.pt\/as-nossas-especialidades-lentes-progressivas\/\" class=\"uagb-cta__button-link-wrapper wp-block-button__link\" target=\"_self\" rel=\"noopener noreferrer\">Saber Mais<\/a><\/div><\/div>\n\n\n\n<div style=\"height:51px\" aria-hidden=\"true\" class=\"wp-block-spacer\"><\/div>\n\n\n\t\t\t<div \n\t\t\tclass=\"wp-block-uagb-google-map uagb-google-map__wrap uagb-block-e3ab7cfb     \"\n\t\t\tstyle=\"\" >\n\t\t\t\t<embed\n\t\t\t\t\tclass=\"uagb-google-map__iframe\"\n\t\t\t\t\ttitle=\"Google Map for \"\n\t\t\t\t\tsrc=\"https:\/\/maps.google.com\/maps?q=Vis%C3%A3o%20Plus&#038;z=14&#038;hl=en&#038;t=m&#038;output=embed&#038;iwloc=near\"\n\t\t\t\t\twidth=\"640\"\n\t\t\t\t\theight=\"259\"\n\t\t\t\t\tloading=\"lazy\"\n\t\t\t\t><\/embed>\n\t\t\t<\/div>\n\t\t\t\n\n\n<div style=\"height:51px\" aria-hidden=\"true\" class=\"wp-block-spacer\"><\/div>\n\n\n\n<div class=\"wp-block-uagb-advanced-heading uagb-block-faafcb91\"><h3 class=\"uagb-heading-text\">Partilhar<\/h3><\/div>\n\n\n\n<div class=\"wp-block-uagb-social-share uagb-social-share__outer-wrap uagb-social-share__layout-horizontal uagb-block-6e129343\">\n<div class=\"wp-block-uagb-social-share-child uagb-ss-repeater uagb-ss__wrapper uagb-block-045faa3b\"><span class=\"uagb-ss__link\" data-href=\"https:\/\/www.facebook.com\/sharer.php?u=\" tabindex=\"0\" role=\"button\" aria-label=\"facebook\"><span class=\"uagb-ss__source-wrap\"><span class=\"uagb-ss__source-icon\"><svg xmlns=\"https:\/\/www.w3.org\/2000\/svg\" viewBox=\"0 0 448 512\"><path d=\"M400 32H48A48 48 0 0 0 0 80v352a48 48 0 0 0 48 48h137.3V327.7h-63V256h63v-54.64c0-62.15 37-96.48 93.67-96.48 27.14 0 55.52 4.84 55.52 4.84v61h-31.27c-30.81 0-40.42 19.12-40.42 38.73V256h68.78l-11 71.69h-57.78V480H400a48 48 0 0 0 48-48V80a48 48 0 0 0 -48-48z\"><\/path><\/svg><\/span><\/span><\/span><\/div>\n\n\n\n<div class=\"wp-block-uagb-social-share-child uagb-ss-repeater uagb-ss__wrapper uagb-block-7724cf11\"><span class=\"uagb-ss__link\" data-href=\"https:\/\/api.whatsapp.com\/send?text=\" tabindex=\"0\" role=\"button\" aria-label=\"whatsapp\"><span class=\"uagb-ss__source-wrap\"><span class=\"uagb-ss__source-icon\"><svg xmlns=\"https:\/\/www.w3.org\/2000\/svg\" viewBox=\"0 0 448 512\"><path d=\"M224 122.8c-72.7 0-131.8 59.1-131.9 131.8 0 24.9 7 49.2 20.2 70.1l3.1 5-13.3 48.6 49.9-13.1 4.8 2.9c20.2 12 43.4 18.4 67.1 18.4h.1c72.6 0 133.3-59.1 133.3-131.8 0-35.2-15.2-68.3-40.1-93.2-25-25-58-38.7-93.2-38.7zm77.5 188.4c-3.3 9.3-19.1 17.7-26.7 18.8-12.6 1.9-22.4 .9-47.5-9.9-39.7-17.2-65.7-57.2-67.7-59.8-2-2.6-16.2-21.5-16.2-41s10.2-29.1 13.9-33.1c3.6-4 7.9-5 10.6-5 2.6 0 5.3 0 7.6 .1 2.4 .1 5.7-.9 8.9 6.8 3.3 7.9 11.2 27.4 12.2 29.4s1.7 4.3 .3 6.9c-7.6 15.2-15.7 14.6-11.6 21.6 15.3 26.3 30.6 35.4 53.9 47.1 4 2 6.3 1.7 8.6-1 2.3-2.6 9.9-11.6 12.5-15.5 2.6-4 5.3-3.3 8.9-2 3.6 1.3 23.1 10.9 27.1 12.9s6.6 3 7.6 4.6c.9 1.9 .9 9.9-2.4 19.1zM400 32H48C21.5 32 0 53.5 0 80v352c0 26.5 21.5 48 48 48h352c26.5 0 48-21.5 48-48V80c0-26.5-21.5-48-48-48zM223.9 413.2c-26.6 0-52.7-6.7-75.8-19.3L64 416l22.5-82.2c-13.9-24-21.2-51.3-21.2-79.3C65.4 167.1 136.5 96 223.9 96c42.4 0 82.2 16.5 112.2 46.5 29.9 30 47.9 69.8 47.9 112.2 0 87.4-72.7 158.5-160.1 158.5z\"><\/path><\/svg><\/span><\/span><\/span><\/div>\n\n\n\n<div class=\"wp-block-uagb-social-share-child uagb-ss-repeater uagb-ss__wrapper uagb-block-870ffa37\"><span class=\"uagb-ss__link\" data-href=\"mailto:?body=\" tabindex=\"0\" role=\"button\" aria-label=\"email\"><span class=\"uagb-ss__source-wrap\"><span class=\"uagb-ss__source-icon\"><svg xmlns=\"https:\/\/www.w3.org\/2000\/svg\" viewBox=\"0 0 512 512\"><path d=\"M464 64C490.5 64 512 85.49 512 112C512 127.1 504.9 141.3 492.8 150.4L275.2 313.6C263.8 322.1 248.2 322.1 236.8 313.6L19.2 150.4C7.113 141.3 0 127.1 0 112C0 85.49 21.49 64 48 64H464zM217.6 339.2C240.4 356.3 271.6 356.3 294.4 339.2L512 176V384C512 419.3 483.3 448 448 448H64C28.65 448 0 419.3 0 384V176L217.6 339.2z\"><\/path><\/svg><\/span><\/span><\/span><\/div>\n\n\n\n<div class=\"wp-block-uagb-social-share-child uagb-ss-repeater uagb-ss__wrapper uagb-block-ef1ffa20\"><span class=\"uagb-ss__link\" data-href=\"https:\/\/www.linkedin.com\/shareArticle?url=\" tabindex=\"0\" role=\"button\" aria-label=\"linkedin\"><span class=\"uagb-ss__source-wrap\"><span class=\"uagb-ss__source-icon\"><svg xmlns=\"https:\/\/www.w3.org\/2000\/svg\" viewBox=\"0 0 448 512\"><path d=\"M416 32H31.9C14.3 32 0 46.5 0 64.3v383.4C0 465.5 14.3 480 31.9 480H416c17.6 0 32-14.5 32-32.3V64.3c0-17.8-14.4-32.3-32-32.3zM135.4 416H69V202.2h66.5V416zm-33.2-243c-21.3 0-38.5-17.3-38.5-38.5S80.9 96 102.2 96c21.2 0 38.5 17.3 38.5 38.5 0 21.3-17.2 38.5-38.5 38.5zm282.1 243h-66.4V312c0-24.8-.5-56.7-34.5-56.7-34.6 0-39.9 27-39.9 54.9V416h-66.4V202.2h63.7v29.2h.9c8.9-16.8 30.6-34.5 62.9-34.5 67.2 0 79.7 44.3 79.7 101.9V416z\"><\/path><\/svg><\/span><\/span><\/span><\/div>\n<\/div>\n\n\n\n<h4 class=\"wp-block-heading\">Refer\u00eancias<\/h4>\n\n\n\n<p><a href=\"https:\/\/publico.spoftalmologia.pt\/abc-da-visao\/baixa-visao\/\">Sociedade Portuguesa de Oftalmologia <\/a><\/p>\n\n\n\n<p>OMS (Organiza\u00e7\u00e3o Mundial da Sa\u00fade)<\/p>\n","protected":false},"excerpt":{"rendered":"<p>Sabe o que \u00e9 a Baixa Vis\u00e3o? Esta \u00e9 uma das especialidades de Optometria na Vis\u00e3o Plus. Veja como os aux\u00edlios visuais podem melhorar a qualidade de vida. Entende-se por &#8220;baixa vis\u00e3o ou vis\u00e3o sub-normal&#8221; a defici\u00eancia visual em que h\u00e1 perda de mais de 70% da vis\u00e3o ou um campo visual inferior a 15 [&hellip;]<\/p>\n","protected":false},"author":1,"featured_media":4538,"comment_status":"open","ping_status":"open","sticky":false,"template":"","format":"standard","meta":{"om_disable_all_campaigns":false,"_uag_custom_page_level_css":"","_monsterinsights_skip_tracking":false,"_monsterinsights_sitenote_active":false,"_monsterinsights_sitenote_note":"","_monsterinsights_sitenote_category":0,"site-sidebar-layout":"default","site-content-layout":"","ast-site-content-layout":"default","site-content-style":"default","site-sidebar-style":"default","ast-global-header-display":"","ast-banner-title-visibility":"","ast-main-header-display":"","ast-hfb-above-header-display":"","ast-hfb-below-header-display":"","ast-hfb-mobile-header-display":"","site-post-title":"","ast-breadcrumbs-content":"","ast-featured-img":"","footer-sml-layout":"","ast-disable-related-posts":"","theme-transparent-header-meta":"","adv-header-id-meta":"","stick-header-meta":"","header-above-stick-meta":"","header-main-stick-meta":"","header-below-stick-meta":"","astra-migrate-meta-layouts":"set","ast-page-background-enabled":"default","ast-page-background-meta":{"desktop":{"background-color":"","background-image":"","background-repeat":"repeat","background-position":"center center","background-size":"auto","background-attachment":"scroll","background-type":"","background-media":"","overlay-type":"","overlay-color":"","overlay-opacity":"","overlay-gradient":""},"tablet":{"background-color":"","background-image":"","background-repeat":"repeat","background-position":"center center","background-size":"auto","background-attachment":"scroll","background-type":"","background-media":"","overlay-type":"","overlay-color":"","overlay-opacity":"","overlay-gradient":""},"mobile":{"background-color":"","background-image":"","background-repeat":"repeat","background-position":"center center","background-size":"auto","background-attachment":"scroll","background-type":"","background-media":"","overlay-type":"","overlay-color":"","overlay-opacity":"","overlay-gradient":""}},"ast-content-background-meta":{"desktop":{"background-color":"var(--ast-global-color-5)","background-image":"","background-repeat":"repeat","background-position":"center center","background-size":"auto","background-attachment":"scroll","background-type":"","background-media":"","overlay-type":"","overlay-color":"","overlay-opacity":"","overlay-gradient":""},"tablet":{"background-color":"var(--ast-global-color-5)","background-image":"","background-repeat":"repeat","background-position":"center center","background-size":"auto","background-attachment":"scroll","background-type":"","background-media":"","overlay-type":"","overlay-color":"","overlay-opacity":"","overlay-gradient":""},"mobile":{"background-color":"var(--ast-global-color-5)","background-image":"","background-repeat":"repeat","background-position":"center center","background-size":"auto","background-attachment":"scroll","background-type":"","background-media":"","overlay-type":"","overlay-color":"","overlay-opacity":"","overlay-gradient":""}},"footnotes":""},"categories":[106,66],"tags":[103,93,65],"class_list":["post-4532","post","type-post","status-publish","format-standard","has-post-thumbnail","hentry","category-as-nossas-especialidades","category-info","tag-especialidades","tag-optica","tag-optometria"],"aioseo_notices":[],"uagb_featured_image_src":{"full":["https:\/\/visaoplus.pt\/wp-content\/uploads\/2025\/11\/baixa-visao-rapariga-com-lupa-visaoplus-pt.jpg",900,659,false],"thumbnail":["https:\/\/visaoplus.pt\/wp-content\/uploads\/2025\/11\/baixa-visao-rapariga-com-lupa-visaoplus-pt-150x150.jpg",150,150,true],"medium":["https:\/\/visaoplus.pt\/wp-content\/uploads\/2025\/11\/baixa-visao-rapariga-com-lupa-visaoplus-pt-300x220.jpg",300,220,true],"medium_large":["https:\/\/visaoplus.pt\/wp-content\/uploads\/2025\/11\/baixa-visao-rapariga-com-lupa-visaoplus-pt-768x562.jpg",768,562,true],"large":["https:\/\/visaoplus.pt\/wp-content\/uploads\/2025\/11\/baixa-visao-rapariga-com-lupa-visaoplus-pt.jpg",900,659,false],"1536x1536":["https:\/\/visaoplus.pt\/wp-content\/uploads\/2025\/11\/baixa-visao-rapariga-com-lupa-visaoplus-pt.jpg",900,659,false],"2048x2048":["https:\/\/visaoplus.pt\/wp-content\/uploads\/2025\/11\/baixa-visao-rapariga-com-lupa-visaoplus-pt.jpg",900,659,false]},"uagb_author_info":{"display_name":"visao","author_link":"https:\/\/visaoplus.pt\/en\/author\/visao\/"},"uagb_comment_info":0,"uagb_excerpt":"Sabe o que \u00e9 a Baixa Vis\u00e3o? Esta \u00e9 uma das especialidades de Optometria na Vis\u00e3o Plus. Veja como os aux\u00edlios visuais podem melhorar a qualidade de vida. Entende-se por &#8220;baixa vis\u00e3o ou vis\u00e3o sub-normal&#8221; a defici\u00eancia visual em que h\u00e1 perda de mais de 70% da vis\u00e3o ou um campo visual inferior a 15&hellip;","_links":{"self":[{"href":"https:\/\/visaoplus.pt\/en\/wp-json\/wp\/v2\/posts\/4532","targetHints":{"allow":["GET"]}}],"collection":[{"href":"https:\/\/visaoplus.pt\/en\/wp-json\/wp\/v2\/posts"}],"about":[{"href":"https:\/\/visaoplus.pt\/en\/wp-json\/wp\/v2\/types\/post"}],"author":[{"embeddable":true,"href":"https:\/\/visaoplus.pt\/en\/wp-json\/wp\/v2\/users\/1"}],"replies":[{"embeddable":true,"href":"https:\/\/visaoplus.pt\/en\/wp-json\/wp\/v2\/comments?post=4532"}],"version-history":[{"count":15,"href":"https:\/\/visaoplus.pt\/en\/wp-json\/wp\/v2\/posts\/4532\/revisions"}],"predecessor-version":[{"id":4553,"href":"https:\/\/visaoplus.pt\/en\/wp-json\/wp\/v2\/posts\/4532\/revisions\/4553"}],"wp:featuredmedia":[{"embeddable":true,"href":"https:\/\/visaoplus.pt\/en\/wp-json\/wp\/v2\/media\/4538"}],"wp:attachment":[{"href":"https:\/\/visaoplus.pt\/en\/wp-json\/wp\/v2\/media?parent=4532"}],"wp:term":[{"taxonomy":"category","embeddable":true,"href":"https:\/\/visaoplus.pt\/en\/wp-json\/wp\/v2\/categories?post=4532"},{"taxonomy":"post_tag","embeddable":true,"href":"https:\/\/visaoplus.pt\/en\/wp-json\/wp\/v2\/tags?post=4532"}],"curies":[{"name":"wp","href":"https:\/\/api.w.org\/{rel}","templated":true}]}}