{"id":3586,"date":"2022-11-17T14:06:10","date_gmt":"2022-11-17T14:06:10","guid":{"rendered":"https:\/\/visaoplus.pt\/?p=3586"},"modified":"2024-09-30T17:51:21","modified_gmt":"2024-09-30T17:51:21","slug":"procuramos-tecnico-de-optica-ocular-e-vendedor-balconista","status":"publish","type":"post","link":"https:\/\/visaoplus.pt\/en\/procuramos-tecnico-de-optica-ocular-e-vendedor-balconista\/","title":{"rendered":"[Vagas Preenchidas] T\u00e9cnico de \u00d3ptica Ocular e Balconista"},"content":{"rendered":"\n<p class=\"wp-block-paragraph\">Estamos a recrutar para Quarteira\/ Vilamoura. Temos vagas de emprego para um(a) T\u00e9cnico(a) de \u00d3ptica Ocular, para Vis\u00e3o Plus em Quarteira\/ Vilamoura!<\/p>\n\n\n\n<p class=\"wp-block-paragraph\">Temos prefer\u00eancia por quem tem experi\u00eancia na \u00e1rea e na utiliza\u00e7\u00e3o de programas de gest\u00e3o inform\u00e1tica.<\/p>\n\n\n\n<p class=\"wp-block-paragraph\"><s>Por favor contacte Juan El Khoury (propriet\u00e1rio e especialista) atrav\u00e9s do Email ou para: 917822568 (tamb\u00e9m no WhatsApp).<\/s><\/p>\n\n\n\n<p class=\"wp-block-paragraph\">Com mais de 25 anos de experi\u00eancia na loja&nbsp;e oficina, a Vis\u00e3o Plus, em Quarteira, possui um espa\u00e7o moderno e de alta tecnologia, sempre na vanguarda do progresso e das novas tend\u00eancias. Abrimos tamb\u00e9m em 2021 uma nova loja&nbsp;em Vilamoura, na Marina! <\/p>\n\n\n\n<p class=\"wp-block-paragraph\">O que realmente faz a diferen\u00e7a \u00e9 o fator humano, junte-se \u00e0 nossa equipa.<\/p>\n\n\n\n<p class=\"wp-block-paragraph\"><strong>EDITADO<\/strong>: Agradecemos o interesse, mas j\u00e1 preenchemos todas as vagas!<\/p>\n\n\n\t\t\t<div \n\t\t\tclass=\"wp-block-uagb-google-map uagb-google-map__wrap uagb-block-c23c40e1     \"\n\t\t\tstyle=\"\" >\n\t\t\t\t<embed\n\t\t\t\t\tclass=\"uagb-google-map__iframe\"\n\t\t\t\t\ttitle=\"Google Map for \"\n\t\t\t\t\tsrc=\"https:\/\/maps.google.com\/maps?q=Vis%C3%A3o%20Plus&#038;z=14&#038;hl=en&#038;t=m&#038;output=embed&#038;iwloc=near\"\n\t\t\t\t\twidth=\"640\"\n\t\t\t\t\theight=\"300\"\n\t\t\t\t\tloading=\"lazy\"\n\t\t\t\t><\/embed>\n\t\t\t<\/div>\n\t\t\t\n\n\n<p class=\"wp-block-paragraph\"><\/p>\n\n\n\n<p class=\"wp-block-paragraph\"><\/p>\n\n\n\n<h3 class=\"wp-block-heading has-text-align-center\">Partilhe este artigo<\/h3>\n\n\n\n<div class=\"wp-block-uagb-social-share uagb-social-share__outer-wrap uagb-social-share__layout-horizontal uagb-block-0a37c009\">\n<div class=\"wp-block-uagb-social-share-child uagb-ss-repeater uagb-ss__wrapper uagb-block-69a0e472\"><span class=\"uagb-ss__link\" data-href=\"https:\/\/www.facebook.com\/sharer.php?u=\" tabindex=\"0\" role=\"button\" aria-label=\"facebook\"><span class=\"uagb-ss__source-wrap\"><span class=\"uagb-ss__source-icon\"><svg xmlns=\"https:\/\/www.w3.org\/2000\/svg\" viewBox=\"0 0 448 512\"><path d=\"M400 32H48A48 48 0 0 0 0 80v352a48 48 0 0 0 48 48h137.3V327.7h-63V256h63v-54.64c0-62.15 37-96.48 93.67-96.48 27.14 0 55.52 4.84 55.52 4.84v61h-31.27c-30.81 0-40.42 19.12-40.42 38.73V256h68.78l-11 71.69h-57.78V480H400a48 48 0 0 0 48-48V80a48 48 0 0 0 -48-48z\"><\/path><\/svg><\/span><\/span><\/span><\/div>\n\n\n\n<div class=\"wp-block-uagb-social-share-child uagb-ss-repeater uagb-ss__wrapper uagb-block-14ec3ccc\"><span class=\"uagb-ss__link\" data-href=\"https:\/\/api.whatsapp.com\/send?text=\" tabindex=\"0\" role=\"button\" aria-label=\"whatsapp\"><span class=\"uagb-ss__source-wrap\"><span class=\"uagb-ss__source-icon\"><svg xmlns=\"https:\/\/www.w3.org\/2000\/svg\" viewBox=\"0 0 448 512\"><path d=\"M224 122.8c-72.7 0-131.8 59.1-131.9 131.8 0 24.9 7 49.2 20.2 70.1l3.1 5-13.3 48.6 49.9-13.1 4.8 2.9c20.2 12 43.4 18.4 67.1 18.4h.1c72.6 0 133.3-59.1 133.3-131.8 0-35.2-15.2-68.3-40.1-93.2-25-25-58-38.7-93.2-38.7zm77.5 188.4c-3.3 9.3-19.1 17.7-26.7 18.8-12.6 1.9-22.4 .9-47.5-9.9-39.7-17.2-65.7-57.2-67.7-59.8-2-2.6-16.2-21.5-16.2-41s10.2-29.1 13.9-33.1c3.6-4 7.9-5 10.6-5 2.6 0 5.3 0 7.6 .1 2.4 .1 5.7-.9 8.9 6.8 3.3 7.9 11.2 27.4 12.2 29.4s1.7 4.3 .3 6.9c-7.6 15.2-15.7 14.6-11.6 21.6 15.3 26.3 30.6 35.4 53.9 47.1 4 2 6.3 1.7 8.6-1 2.3-2.6 9.9-11.6 12.5-15.5 2.6-4 5.3-3.3 8.9-2 3.6 1.3 23.1 10.9 27.1 12.9s6.6 3 7.6 4.6c.9 1.9 .9 9.9-2.4 19.1zM400 32H48C21.5 32 0 53.5 0 80v352c0 26.5 21.5 48 48 48h352c26.5 0 48-21.5 48-48V80c0-26.5-21.5-48-48-48zM223.9 413.2c-26.6 0-52.7-6.7-75.8-19.3L64 416l22.5-82.2c-13.9-24-21.2-51.3-21.2-79.3C65.4 167.1 136.5 96 223.9 96c42.4 0 82.2 16.5 112.2 46.5 29.9 30 47.9 69.8 47.9 112.2 0 87.4-72.7 158.5-160.1 158.5z\"><\/path><\/svg><\/span><\/span><\/span><\/div>\n\n\n\n<div class=\"wp-block-uagb-social-share-child uagb-ss-repeater uagb-ss__wrapper uagb-block-760ca1f3\"><span class=\"uagb-ss__link\" data-href=\"https:\/\/www.linkedin.com\/shareArticle?url=\" tabindex=\"0\" role=\"button\" aria-label=\"linkedin\"><span class=\"uagb-ss__source-wrap\"><span class=\"uagb-ss__source-icon\"><svg xmlns=\"https:\/\/www.w3.org\/2000\/svg\" viewBox=\"0 0 448 512\"><path d=\"M416 32H31.9C14.3 32 0 46.5 0 64.3v383.4C0 465.5 14.3 480 31.9 480H416c17.6 0 32-14.5 32-32.3V64.3c0-17.8-14.4-32.3-32-32.3zM135.4 416H69V202.2h66.5V416zm-33.2-243c-21.3 0-38.5-17.3-38.5-38.5S80.9 96 102.2 96c21.2 0 38.5 17.3 38.5 38.5 0 21.3-17.2 38.5-38.5 38.5zm282.1 243h-66.4V312c0-24.8-.5-56.7-34.5-56.7-34.6 0-39.9 27-39.9 54.9V416h-66.4V202.2h63.7v29.2h.9c8.9-16.8 30.6-34.5 62.9-34.5 67.2 0 79.7 44.3 79.7 101.9V416z\"><\/path><\/svg><\/span><\/span><\/span><\/div>\n\n\n\n<div class=\"wp-block-uagb-social-share-child uagb-ss-repeater uagb-ss__wrapper uagb-block-8327a4eb\"><span class=\"uagb-ss__link\" data-href=\"mailto:?body=\" tabindex=\"0\" role=\"button\" aria-label=\"email\"><span class=\"uagb-ss__source-wrap\"><span class=\"uagb-ss__source-icon\"><svg xmlns=\"https:\/\/www.w3.org\/2000\/svg\" viewBox=\"0 0 512 512\"><path d=\"M464 64C490.5 64 512 85.49 512 112C512 127.1 504.9 141.3 492.8 150.4L275.2 313.6C263.8 322.1 248.2 322.1 236.8 313.6L19.2 150.4C7.113 141.3 0 127.1 0 112C0 85.49 21.49 64 48 64H464zM217.6 339.2C240.4 356.3 271.6 356.3 294.4 339.2L512 176V384C512 419.3 483.3 448 448 448H64C28.65 448 0 419.3 0 384V176L217.6 339.2z\"><\/path><\/svg><\/span><\/span><\/span><\/div>\n\n\n\n<div class=\"wp-block-uagb-social-share-child uagb-ss-repeater uagb-ss__wrapper uagb-block-6ae88d50\"><span class=\"uagb-ss__link\" data-href=\"https:\/\/telegram.me\/share\/url?url=\" tabindex=\"0\" role=\"button\" aria-label=\"telegram\"><span class=\"uagb-ss__source-wrap\"><span class=\"uagb-ss__source-icon\"><svg xmlns=\"https:\/\/www.w3.org\/2000\/svg\" viewBox=\"0 0 496 512\"><path d=\"M248 8C111 8 0 119 0 256S111 504 248 504 496 392.1 496 256 384.1 8 248 8zM362.1 176.7c-3.732 39.22-19.88 134.4-28.1 178.3-3.476 18.58-10.32 24.82-16.95 25.42-14.4 1.326-25.34-9.517-39.29-18.66-21.83-14.31-34.16-23.22-55.35-37.18-24.49-16.14-8.612-25 5.342-39.5 3.652-3.793 67.11-61.51 68.33-66.75 .153-.655 .3-3.1-1.154-4.384s-3.59-.849-5.135-.5q-3.283 .746-104.6 69.14-14.85 10.19-26.89 9.934c-8.855-.191-25.89-5.006-38.55-9.123-15.53-5.048-27.88-7.717-26.8-16.29q.84-6.7 18.45-13.7 108.4-47.25 144.6-62.3c68.87-28.65 83.18-33.62 92.51-33.79 2.052-.034 6.639 .474 9.61 2.885a10.45 10.45 0 0 1 3.53 6.716A43.76 43.76 0 0 1 362.1 176.7z\"><\/path><\/svg><\/span><\/span><\/span><\/div>\n<\/div>\n","protected":false},"excerpt":{"rendered":"<p>Estamos a recrutar para Quarteira\/ Vilamoura. Temos vagas de emprego para um(a) T\u00e9cnico(a) de \u00d3ptica Ocular, para Vis\u00e3o Plus em Quarteira\/ Vilamoura! Temos prefer\u00eancia por quem tem experi\u00eancia na \u00e1rea e na utiliza\u00e7\u00e3o de programas de gest\u00e3o inform\u00e1tica. Por favor contacte Juan El Khoury (propriet\u00e1rio e especialista) atrav\u00e9s do Email ou para: 917822568 (tamb\u00e9m no [&hellip;]<\/p>\n","protected":false},"author":1,"featured_media":3588,"comment_status":"open","ping_status":"open","sticky":false,"template":"","format":"standard","meta":{"om_disable_all_campaigns":false,"_uag_custom_page_level_css":"","_monsterinsights_skip_tracking":false,"site-sidebar-layout":"default","site-content-layout":"","ast-site-content-layout":"default","site-content-style":"default","site-sidebar-style":"default","ast-global-header-display":"","ast-banner-title-visibility":"","ast-main-header-display":"","ast-hfb-above-header-display":"","ast-hfb-below-header-display":"","ast-hfb-mobile-header-display":"","site-post-title":"","ast-breadcrumbs-content":"","ast-featured-img":"","footer-sml-layout":"","ast-disable-related-posts":"","theme-transparent-header-meta":"","adv-header-id-meta":"","stick-header-meta":"","header-above-stick-meta":"","header-main-stick-meta":"","header-below-stick-meta":"","astra-migrate-meta-layouts":"set","ast-page-background-enabled":"default","ast-page-background-meta":{"desktop":{"background-color":"","background-image":"","background-repeat":"repeat","background-position":"center center","background-size":"auto","background-attachment":"scroll","background-type":"","background-media":"","overlay-type":"","overlay-color":"","overlay-opacity":"","overlay-gradient":""},"tablet":{"background-color":"","background-image":"","background-repeat":"repeat","background-position":"center center","background-size":"auto","background-attachment":"scroll","background-type":"","background-media":"","overlay-type":"","overlay-color":"","overlay-opacity":"","overlay-gradient":""},"mobile":{"background-color":"","background-image":"","background-repeat":"repeat","background-position":"center center","background-size":"auto","background-attachment":"scroll","background-type":"","background-media":"","overlay-type":"","overlay-color":"","overlay-opacity":"","overlay-gradient":""}},"ast-content-background-meta":{"desktop":{"background-color":"var(--ast-global-color-5)","background-image":"","background-repeat":"repeat","background-position":"center center","background-size":"auto","background-attachment":"scroll","background-type":"","background-media":"","overlay-type":"","overlay-color":"","overlay-opacity":"","overlay-gradient":""},"tablet":{"background-color":"var(--ast-global-color-5)","background-image":"","background-repeat":"repeat","background-position":"center center","background-size":"auto","background-attachment":"scroll","background-type":"","background-media":"","overlay-type":"","overlay-color":"","overlay-opacity":"","overlay-gradient":""},"mobile":{"background-color":"var(--ast-global-color-5)","background-image":"","background-repeat":"repeat","background-position":"center center","background-size":"auto","background-attachment":"scroll","background-type":"","background-media":"","overlay-type":"","overlay-color":"","overlay-opacity":"","overlay-gradient":""}},"footnotes":""},"categories":[72],"tags":[],"class_list":["post-3586","post","type-post","status-publish","format-standard","has-post-thumbnail","hentry","category-oferta-de-emprego"],"aioseo_notices":[],"aioseo_head":"\n\t\t<!-- All in One SEO 5.0.0.1 - aioseo.com -->\n\t<meta name=\"description\" content=\"Estamos a recrutar para Quarteira\/ Vilamoura. Temos vagas de emprego para um(a) T\u00e9cnico(a) de \u00d3ptica Ocular, para Vis\u00e3o Plus em Quarteira\/ Vilamoura! Temos prefer\u00eancia por quem tem experi\u00eancia na \u00e1rea e na utiliza\u00e7\u00e3o de programas de gest\u00e3o inform\u00e1tica. Por favor contacte Juan El Khoury (propriet\u00e1rio e especialista) atrav\u00e9s do Email ou para: 917822568 (tamb\u00e9m\" \/>\n\t<meta name=\"robots\" content=\"max-image-preview:large\" \/>\n\t<meta name=\"author\" content=\"visao\"\/>\n\t<meta name=\"google-site-verification\" content=\"-lvCzmFkEsAftBV73N08iHmuEfJDpX4KhSut9dgHUOY\" \/>\n\t<meta name=\"keywords\" content=\"oferta de emprego\" \/>\n\t<link rel=\"canonical\" href=\"https:\/\/visaoplus.pt\/en\/procuramos-tecnico-de-optica-ocular-e-vendedor-balconista\/\" \/>\n\t<meta name=\"generator\" content=\"All in One SEO (AIOSEO) 5.0.0.1\" \/>\n\t\t<meta property=\"og:locale\" content=\"en_GB\" \/>\n\t\t<meta property=\"og:site_name\" content=\"Servi\u00e7os de Optometria e Contactologia | Vis\u00e3o Plus\" \/>\n\t\t<meta property=\"og:type\" content=\"article\" \/>\n\t\t<meta property=\"og:title\" content=\"[Vagas Preenchidas] T\u00e9cnico de \u00d3ptica Ocular e Balconista | Vis\u00e3o Plus\" \/>\n\t\t<meta property=\"og:description\" content=\"Estamos a recrutar para Quarteira\/ Vilamoura. Temos vagas de emprego para um(a) T\u00e9cnico(a) de \u00d3ptica Ocular, para Vis\u00e3o Plus em Quarteira\/ Vilamoura! Temos prefer\u00eancia por quem tem experi\u00eancia na \u00e1rea e na utiliza\u00e7\u00e3o de programas de gest\u00e3o inform\u00e1tica. Por favor contacte Juan El Khoury (propriet\u00e1rio e especialista) atrav\u00e9s do Email ou para: 917822568 (tamb\u00e9m\" \/>\n\t\t<meta property=\"og:url\" content=\"https:\/\/visaoplus.pt\/en\/procuramos-tecnico-de-optica-ocular-e-vendedor-balconista\/\" \/>\n\t\t<meta property=\"fb:admins\" content=\"1649461626\" \/>\n\t\t<meta property=\"og:image\" content=\"https:\/\/visaoplus.pt\/wp-content\/uploads\/2022\/11\/procuramos-tecnico-e-balconista-optica-visaoplus-2022-share.jpg\" \/>\n\t\t<meta property=\"og:image:secure_url\" content=\"https:\/\/visaoplus.pt\/wp-content\/uploads\/2022\/11\/procuramos-tecnico-e-balconista-optica-visaoplus-2022-share.jpg\" \/>\n\t\t<meta property=\"og:image:width\" content=\"1200\" \/>\n\t\t<meta property=\"og:image:height\" content=\"628\" \/>\n\t\t<meta property=\"article:published_time\" content=\"2022-11-17T14:06:10+00:00\" \/>\n\t\t<meta property=\"article:modified_time\" content=\"2024-09-30T17:51:21+00:00\" \/>\n\t\t<meta property=\"article:publisher\" content=\"https:\/\/www.facebook.com\/visao.plus\/\" \/>\n\t\t<meta name=\"twitter:card\" content=\"summary\" \/>\n\t\t<meta name=\"twitter:title\" content=\"[Vagas Preenchidas] T\u00e9cnico de \u00d3ptica Ocular e Balconista | Vis\u00e3o Plus\" \/>\n\t\t<meta name=\"twitter:description\" content=\"Estamos a recrutar para Quarteira\/ Vilamoura. Temos vagas de emprego para um(a) T\u00e9cnico(a) de \u00d3ptica Ocular, para Vis\u00e3o Plus em Quarteira\/ Vilamoura! Temos prefer\u00eancia por quem tem experi\u00eancia na \u00e1rea e na utiliza\u00e7\u00e3o de programas de gest\u00e3o inform\u00e1tica. Por favor contacte Juan El Khoury (propriet\u00e1rio e especialista) atrav\u00e9s do Email ou para: 917822568 (tamb\u00e9m\" \/>\n\t\t<meta name=\"twitter:image\" content=\"https:\/\/visaoplus.pt\/wp-content\/uploads\/2020\/04\/visaoplus-og.png\" \/>\n\t\t<script type=\"application\/ld+json\" class=\"aioseo-schema\">\n\t\t\t{\"@context\":\"https:\\\/\\\/schema.org\",\"@graph\":[{\"@type\":\"Article\",\"@id\":\"https:\\\/\\\/visaoplus.pt\\\/en\\\/procuramos-tecnico-de-optica-ocular-e-vendedor-balconista\\\/#article\",\"name\":\"[Vagas Preenchidas] T\\u00e9cnico de \\u00d3ptica Ocular e Balconista | Vis\\u00e3o Plus\",\"headline\":\"[Vagas Preenchidas] T\\u00e9cnico de \\u00d3ptica Ocular e Balconista\",\"author\":{\"@id\":\"https:\\\/\\\/visaoplus.pt\\\/en\\\/author\\\/visao\\\/#author\"},\"publisher\":{\"@id\":\"https:\\\/\\\/visaoplus.pt\\\/en\\\/#organization\"},\"image\":{\"@type\":\"ImageObject\",\"url\":\"https:\\\/\\\/visaoplus.pt\\\/wp-content\\\/uploads\\\/2022\\\/11\\\/google-procuramos-tecnico-e-balconista-optica-visaoplus-2022-1.jpg\",\"width\":1080,\"height\":791,\"caption\":\"procuramos tecnico de optica ocular e vendedor-balconista em \\u00f3ptica - Vis\\u00e3o Plus Quarteira\"},\"datePublished\":\"2022-11-17T14:06:10+00:00\",\"dateModified\":\"2024-09-30T17:51:21+00:00\",\"inLanguage\":\"en-GB\",\"mainEntityOfPage\":{\"@id\":\"https:\\\/\\\/visaoplus.pt\\\/en\\\/procuramos-tecnico-de-optica-ocular-e-vendedor-balconista\\\/#webpage\"},\"isPartOf\":{\"@id\":\"https:\\\/\\\/visaoplus.pt\\\/en\\\/procuramos-tecnico-de-optica-ocular-e-vendedor-balconista\\\/#webpage\"},\"articleSection\":\"oferta de emprego\"},{\"@type\":\"BreadcrumbList\",\"@id\":\"https:\\\/\\\/visaoplus.pt\\\/en\\\/procuramos-tecnico-de-optica-ocular-e-vendedor-balconista\\\/#breadcrumblist\",\"itemListElement\":[{\"@type\":\"ListItem\",\"@id\":\"https:\\\/\\\/visaoplus.pt\\\/en#listItem\",\"position\":1,\"name\":\"In\\u00edcio\",\"item\":\"https:\\\/\\\/visaoplus.pt\\\/en\",\"nextItem\":{\"@type\":\"ListItem\",\"@id\":\"https:\\\/\\\/visaoplus.pt\\\/en\\\/category\\\/oferta-de-emprego\\\/#listItem\",\"name\":\"oferta de emprego\"}},{\"@type\":\"ListItem\",\"@id\":\"https:\\\/\\\/visaoplus.pt\\\/en\\\/category\\\/oferta-de-emprego\\\/#listItem\",\"position\":2,\"name\":\"oferta de emprego\",\"item\":\"https:\\\/\\\/visaoplus.pt\\\/en\\\/category\\\/oferta-de-emprego\\\/\",\"nextItem\":{\"@type\":\"ListItem\",\"@id\":\"https:\\\/\\\/visaoplus.pt\\\/en\\\/procuramos-tecnico-de-optica-ocular-e-vendedor-balconista\\\/#listItem\",\"name\":\"[Vagas Preenchidas] T\\u00e9cnico de \\u00d3ptica Ocular e Balconista\"},\"previousItem\":{\"@type\":\"ListItem\",\"@id\":\"https:\\\/\\\/visaoplus.pt\\\/en#listItem\",\"name\":\"In\\u00edcio\"}},{\"@type\":\"ListItem\",\"@id\":\"https:\\\/\\\/visaoplus.pt\\\/en\\\/procuramos-tecnico-de-optica-ocular-e-vendedor-balconista\\\/#listItem\",\"position\":3,\"name\":\"[Vagas Preenchidas] T\\u00e9cnico de \\u00d3ptica Ocular e Balconista\",\"previousItem\":{\"@type\":\"ListItem\",\"@id\":\"https:\\\/\\\/visaoplus.pt\\\/en\\\/category\\\/oferta-de-emprego\\\/#listItem\",\"name\":\"oferta de emprego\"}}]},{\"@type\":\"Organization\",\"@id\":\"https:\\\/\\\/visaoplus.pt\\\/en\\\/#organization\",\"name\":\"Vis\\u00e3o Plus | \\u00d3ptica e Optometrista em Quarteira\",\"description\":\"Optometria e Contactologia\",\"url\":\"https:\\\/\\\/visaoplus.pt\\\/en\\\/\",\"email\":\"visaoplus@mail.telepac.pt\",\"telephone\":\"+351289301786\",\"logo\":{\"@type\":\"ImageObject\",\"url\":\"https:\\\/\\\/visaoplus.pt\\\/wp-content\\\/uploads\\\/2020\\\/03\\\/profilepic-transparent-1.png\",\"@id\":\"https:\\\/\\\/visaoplus.pt\\\/en\\\/procuramos-tecnico-de-optica-ocular-e-vendedor-balconista\\\/#organizationLogo\",\"width\":450,\"height\":388},\"image\":{\"@id\":\"https:\\\/\\\/visaoplus.pt\\\/en\\\/procuramos-tecnico-de-optica-ocular-e-vendedor-balconista\\\/#organizationLogo\"},\"sameAs\":[\"https:\\\/\\\/www.instagram.com\\\/visao.plus\\\/\",\"https:\\\/\\\/www.youtube.com\\\/channel\\\/UCdkkXPYdaZhEGmYc_sEjjnw\",\"https:\\\/\\\/www.linkedin.com\\\/company\\\/visao-plus\\\/\"]},{\"@type\":\"Person\",\"@id\":\"https:\\\/\\\/visaoplus.pt\\\/en\\\/author\\\/visao\\\/#author\",\"url\":\"https:\\\/\\\/visaoplus.pt\\\/en\\\/author\\\/visao\\\/\",\"name\":\"visao\",\"image\":{\"@type\":\"ImageObject\",\"@id\":\"https:\\\/\\\/visaoplus.pt\\\/en\\\/procuramos-tecnico-de-optica-ocular-e-vendedor-balconista\\\/#authorImage\",\"url\":\"https:\\\/\\\/secure.gravatar.com\\\/avatar\\\/df9eadd9a532ea31dd21e4019db668516543016aac76a8fd4018fb2caac5cd38?s=96&d=mm&r=g\",\"width\":96,\"height\":96,\"caption\":\"visao\"}},{\"@type\":\"WebPage\",\"@id\":\"https:\\\/\\\/visaoplus.pt\\\/en\\\/procuramos-tecnico-de-optica-ocular-e-vendedor-balconista\\\/#webpage\",\"url\":\"https:\\\/\\\/visaoplus.pt\\\/en\\\/procuramos-tecnico-de-optica-ocular-e-vendedor-balconista\\\/\",\"name\":\"[Vagas Preenchidas] T\\u00e9cnico de \\u00d3ptica Ocular e Balconista | Vis\\u00e3o Plus\",\"description\":\"Estamos a recrutar para Quarteira\\\/ Vilamoura. Temos vagas de emprego para um(a) T\\u00e9cnico(a) de \\u00d3ptica Ocular, para Vis\\u00e3o Plus em Quarteira\\\/ Vilamoura! Temos prefer\\u00eancia por quem tem experi\\u00eancia na \\u00e1rea e na utiliza\\u00e7\\u00e3o de programas de gest\\u00e3o inform\\u00e1tica. Por favor contacte Juan El Khoury (propriet\\u00e1rio e especialista) atrav\\u00e9s do Email ou para: 917822568 (tamb\\u00e9m\",\"inLanguage\":\"en-GB\",\"isPartOf\":{\"@id\":\"https:\\\/\\\/visaoplus.pt\\\/en\\\/#website\"},\"breadcrumb\":{\"@id\":\"https:\\\/\\\/visaoplus.pt\\\/en\\\/procuramos-tecnico-de-optica-ocular-e-vendedor-balconista\\\/#breadcrumblist\"},\"author\":{\"@id\":\"https:\\\/\\\/visaoplus.pt\\\/en\\\/author\\\/visao\\\/#author\"},\"creator\":{\"@id\":\"https:\\\/\\\/visaoplus.pt\\\/en\\\/author\\\/visao\\\/#author\"},\"image\":{\"@type\":\"ImageObject\",\"url\":\"https:\\\/\\\/visaoplus.pt\\\/wp-content\\\/uploads\\\/2022\\\/11\\\/google-procuramos-tecnico-e-balconista-optica-visaoplus-2022-1.jpg\",\"@id\":\"https:\\\/\\\/visaoplus.pt\\\/en\\\/procuramos-tecnico-de-optica-ocular-e-vendedor-balconista\\\/#mainImage\",\"width\":1080,\"height\":791,\"caption\":\"procuramos tecnico de optica ocular e vendedor-balconista em \\u00f3ptica - Vis\\u00e3o Plus Quarteira\"},\"primaryImageOfPage\":{\"@id\":\"https:\\\/\\\/visaoplus.pt\\\/en\\\/procuramos-tecnico-de-optica-ocular-e-vendedor-balconista\\\/#mainImage\"},\"datePublished\":\"2022-11-17T14:06:10+00:00\",\"dateModified\":\"2024-09-30T17:51:21+00:00\"},{\"@type\":\"WebSite\",\"@id\":\"https:\\\/\\\/visaoplus.pt\\\/en\\\/#website\",\"url\":\"https:\\\/\\\/visaoplus.pt\\\/en\\\/\",\"name\":\"Vis\\u00e3o Plus - Quarteira\",\"alternateName\":\"Vis\\u00e3o Plus\",\"description\":\"Optometria e Contactologia\",\"inLanguage\":\"en-GB\",\"publisher\":{\"@id\":\"https:\\\/\\\/visaoplus.pt\\\/en\\\/#organization\"}}]}\n\t\t<\/script>\n\t\t<!-- All in One SEO -->\n\n","aioseo_head_json":{"title":"[Vagas Preenchidas] T\u00e9cnico de \u00d3ptica Ocular e Balconista | Vis\u00e3o Plus","description":"Estamos a recrutar para Quarteira\/ Vilamoura. Temos vagas de emprego para um(a) T\u00e9cnico(a) de \u00d3ptica Ocular, para Vis\u00e3o Plus em Quarteira\/ Vilamoura! Temos prefer\u00eancia por quem tem experi\u00eancia na \u00e1rea e na utiliza\u00e7\u00e3o de programas de gest\u00e3o inform\u00e1tica. Por favor contacte Juan El Khoury (propriet\u00e1rio e especialista) atrav\u00e9s do Email ou para: 917822568 (tamb\u00e9m","canonical_url":"https:\/\/visaoplus.pt\/en\/procuramos-tecnico-de-optica-ocular-e-vendedor-balconista\/","robots":"max-image-preview:large","keywords":"oferta de emprego","webmasterTools":{"google-site-verification":"-lvCzmFkEsAftBV73N08iHmuEfJDpX4KhSut9dgHUOY","miscellaneous":""},"schema":{"@context":"https:\/\/schema.org","@graph":[{"@type":"Article","@id":"https:\/\/visaoplus.pt\/en\/procuramos-tecnico-de-optica-ocular-e-vendedor-balconista\/#article","name":"[Vagas Preenchidas] T\u00e9cnico de \u00d3ptica Ocular e Balconista | Vis\u00e3o Plus","headline":"[Vagas Preenchidas] T\u00e9cnico de \u00d3ptica Ocular e Balconista","author":{"@id":"https:\/\/visaoplus.pt\/en\/author\/visao\/#author"},"publisher":{"@id":"https:\/\/visaoplus.pt\/en\/#organization"},"image":{"@type":"ImageObject","url":"https:\/\/visaoplus.pt\/wp-content\/uploads\/2022\/11\/google-procuramos-tecnico-e-balconista-optica-visaoplus-2022-1.jpg","width":1080,"height":791,"caption":"procuramos tecnico de optica ocular e vendedor-balconista em \u00f3ptica - Vis\u00e3o Plus Quarteira"},"datePublished":"2022-11-17T14:06:10+00:00","dateModified":"2024-09-30T17:51:21+00:00","inLanguage":"en-GB","mainEntityOfPage":{"@id":"https:\/\/visaoplus.pt\/en\/procuramos-tecnico-de-optica-ocular-e-vendedor-balconista\/#webpage"},"isPartOf":{"@id":"https:\/\/visaoplus.pt\/en\/procuramos-tecnico-de-optica-ocular-e-vendedor-balconista\/#webpage"},"articleSection":"oferta de emprego"},{"@type":"BreadcrumbList","@id":"https:\/\/visaoplus.pt\/en\/procuramos-tecnico-de-optica-ocular-e-vendedor-balconista\/#breadcrumblist","itemListElement":[{"@type":"ListItem","@id":"https:\/\/visaoplus.pt\/en#listItem","position":1,"name":"In\u00edcio","item":"https:\/\/visaoplus.pt\/en","nextItem":{"@type":"ListItem","@id":"https:\/\/visaoplus.pt\/en\/category\/oferta-de-emprego\/#listItem","name":"oferta de emprego"}},{"@type":"ListItem","@id":"https:\/\/visaoplus.pt\/en\/category\/oferta-de-emprego\/#listItem","position":2,"name":"oferta de emprego","item":"https:\/\/visaoplus.pt\/en\/category\/oferta-de-emprego\/","nextItem":{"@type":"ListItem","@id":"https:\/\/visaoplus.pt\/en\/procuramos-tecnico-de-optica-ocular-e-vendedor-balconista\/#listItem","name":"[Vagas Preenchidas] T\u00e9cnico de \u00d3ptica Ocular e Balconista"},"previousItem":{"@type":"ListItem","@id":"https:\/\/visaoplus.pt\/en#listItem","name":"In\u00edcio"}},{"@type":"ListItem","@id":"https:\/\/visaoplus.pt\/en\/procuramos-tecnico-de-optica-ocular-e-vendedor-balconista\/#listItem","position":3,"name":"[Vagas Preenchidas] T\u00e9cnico de \u00d3ptica Ocular e Balconista","previousItem":{"@type":"ListItem","@id":"https:\/\/visaoplus.pt\/en\/category\/oferta-de-emprego\/#listItem","name":"oferta de emprego"}}]},{"@type":"Organization","@id":"https:\/\/visaoplus.pt\/en\/#organization","name":"Vis\u00e3o Plus | \u00d3ptica e Optometrista em Quarteira","description":"Optometria e Contactologia","url":"https:\/\/visaoplus.pt\/en\/","email":"visaoplus@mail.telepac.pt","telephone":"+351289301786","logo":{"@type":"ImageObject","url":"https:\/\/visaoplus.pt\/wp-content\/uploads\/2020\/03\/profilepic-transparent-1.png","@id":"https:\/\/visaoplus.pt\/en\/procuramos-tecnico-de-optica-ocular-e-vendedor-balconista\/#organizationLogo","width":450,"height":388},"image":{"@id":"https:\/\/visaoplus.pt\/en\/procuramos-tecnico-de-optica-ocular-e-vendedor-balconista\/#organizationLogo"},"sameAs":["https:\/\/www.instagram.com\/visao.plus\/","https:\/\/www.youtube.com\/channel\/UCdkkXPYdaZhEGmYc_sEjjnw","https:\/\/www.linkedin.com\/company\/visao-plus\/"]},{"@type":"Person","@id":"https:\/\/visaoplus.pt\/en\/author\/visao\/#author","url":"https:\/\/visaoplus.pt\/en\/author\/visao\/","name":"visao","image":{"@type":"ImageObject","@id":"https:\/\/visaoplus.pt\/en\/procuramos-tecnico-de-optica-ocular-e-vendedor-balconista\/#authorImage","url":"https:\/\/secure.gravatar.com\/avatar\/df9eadd9a532ea31dd21e4019db668516543016aac76a8fd4018fb2caac5cd38?s=96&d=mm&r=g","width":96,"height":96,"caption":"visao"}},{"@type":"WebPage","@id":"https:\/\/visaoplus.pt\/en\/procuramos-tecnico-de-optica-ocular-e-vendedor-balconista\/#webpage","url":"https:\/\/visaoplus.pt\/en\/procuramos-tecnico-de-optica-ocular-e-vendedor-balconista\/","name":"[Vagas Preenchidas] T\u00e9cnico de \u00d3ptica Ocular e Balconista | Vis\u00e3o Plus","description":"Estamos a recrutar para Quarteira\/ Vilamoura. Temos vagas de emprego para um(a) T\u00e9cnico(a) de \u00d3ptica Ocular, para Vis\u00e3o Plus em Quarteira\/ Vilamoura! Temos prefer\u00eancia por quem tem experi\u00eancia na \u00e1rea e na utiliza\u00e7\u00e3o de programas de gest\u00e3o inform\u00e1tica. Por favor contacte Juan El Khoury (propriet\u00e1rio e especialista) atrav\u00e9s do Email ou para: 917822568 (tamb\u00e9m","inLanguage":"en-GB","isPartOf":{"@id":"https:\/\/visaoplus.pt\/en\/#website"},"breadcrumb":{"@id":"https:\/\/visaoplus.pt\/en\/procuramos-tecnico-de-optica-ocular-e-vendedor-balconista\/#breadcrumblist"},"author":{"@id":"https:\/\/visaoplus.pt\/en\/author\/visao\/#author"},"creator":{"@id":"https:\/\/visaoplus.pt\/en\/author\/visao\/#author"},"image":{"@type":"ImageObject","url":"https:\/\/visaoplus.pt\/wp-content\/uploads\/2022\/11\/google-procuramos-tecnico-e-balconista-optica-visaoplus-2022-1.jpg","@id":"https:\/\/visaoplus.pt\/en\/procuramos-tecnico-de-optica-ocular-e-vendedor-balconista\/#mainImage","width":1080,"height":791,"caption":"procuramos tecnico de optica ocular e vendedor-balconista em \u00f3ptica - Vis\u00e3o Plus Quarteira"},"primaryImageOfPage":{"@id":"https:\/\/visaoplus.pt\/en\/procuramos-tecnico-de-optica-ocular-e-vendedor-balconista\/#mainImage"},"datePublished":"2022-11-17T14:06:10+00:00","dateModified":"2024-09-30T17:51:21+00:00"},{"@type":"WebSite","@id":"https:\/\/visaoplus.pt\/en\/#website","url":"https:\/\/visaoplus.pt\/en\/","name":"Vis\u00e3o Plus - Quarteira","alternateName":"Vis\u00e3o Plus","description":"Optometria e Contactologia","inLanguage":"en-GB","publisher":{"@id":"https:\/\/visaoplus.pt\/en\/#organization"}}]},"og:locale":"en_GB","og:site_name":"Servi\u00e7os de Optometria e Contactologia | Vis\u00e3o Plus","og:type":"article","og:title":"[Vagas Preenchidas] T\u00e9cnico de \u00d3ptica Ocular e Balconista | Vis\u00e3o Plus","og:description":"Estamos a recrutar para Quarteira\/ Vilamoura. Temos vagas de emprego para um(a) T\u00e9cnico(a) de \u00d3ptica Ocular, para Vis\u00e3o Plus em Quarteira\/ Vilamoura! Temos prefer\u00eancia por quem tem experi\u00eancia na \u00e1rea e na utiliza\u00e7\u00e3o de programas de gest\u00e3o inform\u00e1tica. Por favor contacte Juan El Khoury (propriet\u00e1rio e especialista) atrav\u00e9s do Email ou para: 917822568 (tamb\u00e9m","og:url":"https:\/\/visaoplus.pt\/en\/procuramos-tecnico-de-optica-ocular-e-vendedor-balconista\/","fb:admins":"1649461626","og:image":"https:\/\/visaoplus.pt\/wp-content\/uploads\/2022\/11\/procuramos-tecnico-e-balconista-optica-visaoplus-2022-share.jpg","og:image:secure_url":"https:\/\/visaoplus.pt\/wp-content\/uploads\/2022\/11\/procuramos-tecnico-e-balconista-optica-visaoplus-2022-share.jpg","og:image:width":1200,"og:image:height":628,"article:published_time":"2022-11-17T14:06:10+00:00","article:modified_time":"2024-09-30T17:51:21+00:00","article:publisher":"https:\/\/www.facebook.com\/visao.plus\/","twitter:card":"summary","twitter:title":"[Vagas Preenchidas] T\u00e9cnico de \u00d3ptica Ocular e Balconista | Vis\u00e3o Plus","twitter:description":"Estamos a recrutar para Quarteira\/ Vilamoura. Temos vagas de emprego para um(a) T\u00e9cnico(a) de \u00d3ptica Ocular, para Vis\u00e3o Plus em Quarteira\/ Vilamoura! Temos prefer\u00eancia por quem tem experi\u00eancia na \u00e1rea e na utiliza\u00e7\u00e3o de programas de gest\u00e3o inform\u00e1tica. Por favor contacte Juan El Khoury (propriet\u00e1rio e especialista) atrav\u00e9s do Email ou para: 917822568 (tamb\u00e9m","twitter:image":"https:\/\/visaoplus.pt\/wp-content\/uploads\/2020\/04\/visaoplus-og.png"},"aioseo_meta_data":{"post_id":"3586","title":null,"description":null,"keywords":null,"keyphrases":{"focus":{"keyphrase":"","score":0,"analysis":{"keyphraseInTitle":{"score":0,"maxScore":9,"error":1}}},"additional":[]},"primary_term":null,"canonical_url":null,"og_title":null,"og_description":null,"og_object_type":"default","og_image_type":"custom_image","og_image_url":"https:\/\/visaoplus.pt\/wp-content\/uploads\/2022\/11\/procuramos-tecnico-e-balconista-optica-visaoplus-2022-share.jpg","og_image_width":"1200","og_image_height":"628","og_image_custom_url":"https:\/\/visaoplus.pt\/wp-content\/uploads\/2022\/11\/procuramos-tecnico-e-balconista-optica-visaoplus-2022-share.jpg","og_image_custom_fields":null,"og_video":"","og_custom_url":null,"og_article_section":null,"og_article_tags":null,"twitter_use_og":false,"twitter_card":"default","twitter_image_type":"default","twitter_image_url":null,"twitter_image_custom_url":null,"twitter_image_custom_fields":null,"twitter_title":null,"twitter_description":null,"schema":{"blockGraphs":[],"customGraphs":[],"default":{"data":{"Article":[],"Course":[],"Dataset":[],"FAQPage":[],"Movie":[],"Person":[],"Product":[],"ProductReview":[],"Car":[],"Recipe":[],"Service":[],"SoftwareApplication":[],"WebPage":[]},"graphName":"Article","isEnabled":true},"graphs":[]},"schema_type":"default","schema_type_options":null,"pillar_content":false,"robots_default":true,"robots_noindex":false,"robots_noarchive":false,"robots_nosnippet":false,"robots_nofollow":false,"robots_noimageindex":false,"robots_noodp":false,"robots_notranslate":false,"robots_max_snippet":"-1","robots_max_videopreview":"-1","robots_max_imagepreview":"large","priority":null,"frequency":"default","local_seo":null,"breadcrumb_settings":null,"limit_modified_date":false,"ai":null,"created":"2022-11-17 13:29:21","updated":"2025-06-08 17:42:33","seo_analyzer_scan_date":null,"focus_keyword":null,"additional_keywords":null,"truseo_locale":null},"uagb_featured_image_src":{"full":["https:\/\/visaoplus.pt\/wp-content\/uploads\/2022\/11\/google-procuramos-tecnico-e-balconista-optica-visaoplus-2022-1.jpg",1080,791,false],"thumbnail":["https:\/\/visaoplus.pt\/wp-content\/uploads\/2022\/11\/google-procuramos-tecnico-e-balconista-optica-visaoplus-2022-1-150x150.jpg",150,150,true],"medium":["https:\/\/visaoplus.pt\/wp-content\/uploads\/2022\/11\/google-procuramos-tecnico-e-balconista-optica-visaoplus-2022-1-300x220.jpg",300,220,true],"medium_large":["https:\/\/visaoplus.pt\/wp-content\/uploads\/2022\/11\/google-procuramos-tecnico-e-balconista-optica-visaoplus-2022-1-768x562.jpg",768,562,true],"large":["https:\/\/visaoplus.pt\/wp-content\/uploads\/2022\/11\/google-procuramos-tecnico-e-balconista-optica-visaoplus-2022-1-1024x750.jpg",1024,750,true],"1536x1536":["https:\/\/visaoplus.pt\/wp-content\/uploads\/2022\/11\/google-procuramos-tecnico-e-balconista-optica-visaoplus-2022-1.jpg",1080,791,false],"2048x2048":["https:\/\/visaoplus.pt\/wp-content\/uploads\/2022\/11\/google-procuramos-tecnico-e-balconista-optica-visaoplus-2022-1.jpg",1080,791,false]},"uagb_author_info":{"display_name":"visao","author_link":"https:\/\/visaoplus.pt\/en\/author\/visao\/"},"uagb_comment_info":0,"uagb_excerpt":"Estamos a recrutar para Quarteira\/ Vilamoura. Temos vagas de emprego para um(a) T\u00e9cnico(a) de \u00d3ptica Ocular, para Vis\u00e3o Plus em Quarteira\/ Vilamoura! Temos prefer\u00eancia por quem tem experi\u00eancia na \u00e1rea e na utiliza\u00e7\u00e3o de programas de gest\u00e3o inform\u00e1tica. Por favor contacte Juan El Khoury (propriet\u00e1rio e especialista) atrav\u00e9s do Email ou para: 917822568 (tamb\u00e9m no&hellip;","_links":{"self":[{"href":"https:\/\/visaoplus.pt\/en\/wp-json\/wp\/v2\/posts\/3586","targetHints":{"allow":["GET"]}}],"collection":[{"href":"https:\/\/visaoplus.pt\/en\/wp-json\/wp\/v2\/posts"}],"about":[{"href":"https:\/\/visaoplus.pt\/en\/wp-json\/wp\/v2\/types\/post"}],"author":[{"embeddable":true,"href":"https:\/\/visaoplus.pt\/en\/wp-json\/wp\/v2\/users\/1"}],"replies":[{"embeddable":true,"href":"https:\/\/visaoplus.pt\/en\/wp-json\/wp\/v2\/comments?post=3586"}],"version-history":[{"count":8,"href":"https:\/\/visaoplus.pt\/en\/wp-json\/wp\/v2\/posts\/3586\/revisions"}],"predecessor-version":[{"id":4240,"href":"https:\/\/visaoplus.pt\/en\/wp-json\/wp\/v2\/posts\/3586\/revisions\/4240"}],"wp:featuredmedia":[{"embeddable":true,"href":"https:\/\/visaoplus.pt\/en\/wp-json\/wp\/v2\/media\/3588"}],"wp:attachment":[{"href":"https:\/\/visaoplus.pt\/en\/wp-json\/wp\/v2\/media?parent=3586"}],"wp:term":[{"taxonomy":"category","embeddable":true,"href":"https:\/\/visaoplus.pt\/en\/wp-json\/wp\/v2\/categories?post=3586"},{"taxonomy":"post_tag","embeddable":true,"href":"https:\/\/visaoplus.pt\/en\/wp-json\/wp\/v2\/tags?post=3586"}],"curies":[{"name":"wp","href":"https:\/\/api.w.org\/{rel}","templated":true}]}}